{"id":2537,"date":"2022-11-11T14:42:46","date_gmt":"2022-11-11T14:42:46","guid":{"rendered":"https:\/\/minutaregional.cl\/?p=2537"},"modified":"2022-11-11T14:43:02","modified_gmt":"2022-11-11T14:43:02","slug":"autoridades-regionales-supervisan-faena-de-rescate-de-grua-en-los-vilos","status":"publish","type":"post","link":"https:\/\/minutaregional.cl\/?p=2537","title":{"rendered":"Autoridades Regionales Supervisan Faena de Rescate de Gr\u00faa en Los Vilos"},"content":{"rendered":"<p style=\"text-align: justify;\">Las intensas marejadas del pasado mes de agosto, provocaron el volcamiento de una plataforma de la empresa Belfi que trabajaba en la construcci\u00f3n de obras marinas del Proyecto de Infraestructura Complementaria (INCO) de Minera Los Pelambres.<\/p>\n<p style=\"text-align: justify;\">Con el prop\u00f3sito de conocer los avances del rescate de diversos elementos de la plataforma flotante Yagadifa de Minera Los Pelambres sumergidos en el fondo marino de la Bah\u00eda de Los Vilos, autoridades del gobierno, del municipio de la comuna y de la Capitan\u00eda de Puerto, estuvieron presentes el martes reciente en dicho lugar.<\/p>\n<p style=\"text-align: justify;\">Durante la inspecci\u00f3n coordinada entre la Delegaci\u00f3n Presidencial Provincial de Choapa y la Superintendencia del Medio Ambiente (SMA) se conocieron en detalle las labores realizadas, a m\u00e1s de 20 metros de profundidad, por 35 buzos especializados, quienes desarmaron parcialmente la Gr\u00faa Manitowoc sumergida, logrando reducir su peso de 180 toneladas a 100 toneladas, lo que permiti\u00f3 subirla hasta la superficie.<\/p>\n<p style=\"text-align: justify;\"><strong>Recuperan elemento con mayor presencia de contaminantes<\/strong><\/p>\n<p style=\"text-align: justify;\">En esta oportunidad, se recuperaron todos los contenedores de hidrocarburos restando solamente el retiro de una unidad hidr\u00e1ulica con lubricantes de origen vegetal.<\/p>\n<p style=\"text-align: justify;\">Al respecto, el Seremi del Medio Ambiente, Leonardo Gros, explic\u00f3 parte del procedimiento que est\u00e1 en desarrollo \u201cse contin\u00faa con los monitoreos y <em>se toman alrededor de 15 muestras de agua diaria. A la fecha llevan m\u00e1s de 1.000 muestras que se han ido tomando, con el objetivo de monitorear las posibles afectaciones.\u201d <\/em>En ese sentido indic\u00f3 adem\u00e1s, que estas acciones representan la colaboraci\u00f3n que existe entre el Estado y la empresa privada para garantizar la tranquilidad ambiental a los habitantes del territorio.<\/p>\n<p style=\"text-align: justify;\">Asimismo, el Jefe Regional de la SMA, Gonzalo Parot, destac\u00f3 que \u201ctenemos recuperado el elemento con mayor presencia de hidrocarburos que faltaba retirar, por lo tanto, estamos muy tranquilos como Superintendencia, porque ya se ha controlado buena parte de lo que es el riesgo asociado a esta situaci\u00f3n. Si bien a\u00fan quedan elementos por recuperar, entendemos que faltan trabajos por realizar, para poder dar por resuelta esta situaci\u00f3n.\u201d<\/p>\n<p style=\"text-align: justify;\"><strong>Pr\u00f3ximos desaf\u00edos <\/strong><\/p>\n<p style=\"text-align: justify;\">Actualmente la plataforma Jack-Up, que est\u00e1 cerca del Sitio Ramsar Laguna Conchal\u00ed, se encuentra varada en la Playa Amarilla de Los Vilos. Por ello, para efectuar su retiro total, la empresa minera consult\u00f3 al Consejo de Monumentos Naturales sobre la pertinencia de las labores de rescate a metros del humedal costero.<\/p>\n<p style=\"text-align: justify;\">La Delegada Presidencial Provincial de Choapa, Nataly Carvajal, asegur\u00f3 que \u201clos trabajos siguen para poder retirar los otros objetos que van quedando, con la seguridad, por supuesto para el medio ambiente, los vecinos y los pescadores que tienen sus \u00e1reas de manejo aleda\u00f1as a este lugar. Vamos a seguir pendiente de lo que sucede para entregar la informaci\u00f3n id\u00f3nea.\u201d<\/p>\n<p style=\"text-align: justify;\">Finalmente, el Teniente Primero Juan Pablo Gonz\u00e1lez, Capit\u00e1n de Puerto de Los Vilos, inform\u00f3 que \u201clas pr\u00f3ximas labores que quedan ser\u00edan verificar y recibir los planes para efectuar el retiro del artefacto naval que se encuentra varado en la Playa Amarilla de Los Vilos. De la misma forma, se continuar\u00e1 con la recuperaci\u00f3n de otros elementos que est\u00e1n hundidos producto del naufragio, los cuales no revisten directamente una amenaza con hidrocarburos a bordo.\u201d<\/p>\n<p>&nbsp;<\/p>\n<p>&nbsp;<\/p>\n","protected":false},"excerpt":{"rendered":"<p>Las intensas marejadas del pasado mes de agosto, provocaron el volcamiento de una plataforma de la empresa Belfi que trabajaba en la construcci\u00f3n de obras marinas del Proyecto de Infraestructura Complementaria (INCO) de Minera Los Pelambres. Con el prop\u00f3sito de conocer los avances del rescate de diversos elementos de la<\/p>\n","protected":false},"author":1,"featured_media":2538,"comment_status":"closed","ping_status":"open","sticky":false,"template":"","format":"standard","meta":{"footnotes":""},"categories":[21,1,38],"tags":[],"class_list":["post-2537","post","type-post","status-publish","format-standard","has-post-thumbnail","hentry","category-municipalidades","category-noticias-regionales","category-seremia-medio-ambiente"],"_links":{"self":[{"href":"https:\/\/minutaregional.cl\/index.php?rest_route=\/wp\/v2\/posts\/2537","targetHints":{"allow":["GET"]}}],"collection":[{"href":"https:\/\/minutaregional.cl\/index.php?rest_route=\/wp\/v2\/posts"}],"about":[{"href":"https:\/\/minutaregional.cl\/index.php?rest_route=\/wp\/v2\/types\/post"}],"author":[{"embeddable":true,"href":"https:\/\/minutaregional.cl\/index.php?rest_route=\/wp\/v2\/users\/1"}],"replies":[{"embeddable":true,"href":"https:\/\/minutaregional.cl\/index.php?rest_route=%2Fwp%2Fv2%2Fcomments&post=2537"}],"version-history":[{"count":1,"href":"https:\/\/minutaregional.cl\/index.php?rest_route=\/wp\/v2\/posts\/2537\/revisions"}],"predecessor-version":[{"id":2539,"href":"https:\/\/minutaregional.cl\/index.php?rest_route=\/wp\/v2\/posts\/2537\/revisions\/2539"}],"wp:featuredmedia":[{"embeddable":true,"href":"https:\/\/minutaregional.cl\/index.php?rest_route=\/wp\/v2\/media\/2538"}],"wp:attachment":[{"href":"https:\/\/minutaregional.cl\/index.php?rest_route=%2Fwp%2Fv2%2Fmedia&parent=2537"}],"wp:term":[{"taxonomy":"category","embeddable":true,"href":"https:\/\/minutaregional.cl\/index.php?rest_route=%2Fwp%2Fv2%2Fcategories&post=2537"},{"taxonomy":"post_tag","embeddable":true,"href":"https:\/\/minutaregional.cl\/index.php?rest_route=%2Fwp%2Fv2%2Ftags&post=2537"}],"curies":[{"name":"wp","href":"https:\/\/api.w.org\/{rel}","templated":true}]}}