{"id":2533,"date":"2022-11-11T12:52:53","date_gmt":"2022-11-11T12:52:53","guid":{"rendered":"https:\/\/minutaregional.cl\/?p=2533"},"modified":"2022-11-11T12:52:53","modified_gmt":"2022-11-11T12:52:53","slug":"juegos-predeportivos-escolares-oportunidad-de-competencia-y-participacion-para-categorias-menores","status":"publish","type":"post","link":"https:\/\/minutaregional.cl\/?p=2533","title":{"rendered":"Juegos  Predeportivos Escolares, oportunidad de competencia y participaci\u00f3n para categor\u00edas menores."},"content":{"rendered":"<p style=\"text-align: justify;\"><b><i>Sistema de competencia convocado por el Mindep y ejecutado por el IND, que permite que escolares de las categor\u00edas menores, puedan vivenciar alguna pr\u00e1ctica deportiva, de manera competitiva o participativa.<\/i><\/b><\/p>\n<p class=\"yiv0073743544MsoNormal\" style=\"text-align: justify;\">El programa Juegos Pre deportivos Escolares, es convocado por el Ministerio del Deporte, \u00a0que realiza a trav\u00e9s del Instituto Nacional de Deportes,\u00a0 entre los muchos objetivos tienen: motivar a los ni\u00f1os y ni\u00f1as escolares \u00a0de las categor\u00edas: Sub 9, \u00a0Sub 10, sub 12, a realizar actividades, \u00a0que les permitan tener alguna pr\u00e1ctica en los deportes considerados por el programa, \u00a0de manera formativa \u00a0y\/o participativa de manera \u00a0sistem\u00e1tica, en actividades deportivas, l\u00fadicas o de iniciaci\u00f3n \u00a0a la competencia.<\/p>\n<p class=\"yiv0073743544MsoNormal\" style=\"text-align: justify;\">Para el \u00a0Director del IND Jonathan Pino Naranjo, se\u00f1ala: \u00a0<b><i>\u201clos Juegos Predeportivos Escolares \u00a0son muy importante, \u00a0ya que en muchos casos son el \u00a0primer acercamiento \u00a0que \u00a0los ni\u00f1os y ni\u00f1as tienen \u00a0a \u00a0alg\u00fan deporte y \u00a0m\u00e1s a\u00fan si la \u00a0competencia \u00a0incluye un juez y reglas, para que ellos se vayan acostumbrando, lo que viene despu\u00e9s \u00a0de esto son \u00a0los Juegos Deportivos Escolares, que es el primer paso al \u00a0sistema nacional de competencia, que \u00a0es una instancia muy participativa y que nos permite ir detectando potenciales talentos deportivos\u201d.<\/i><\/b><\/p>\n<p class=\"yiv0073743544MsoNormal\" style=\"text-align: justify;\">El Seremi del Deporte Fernando Medina Vergara, agrega:\u00a0<b>\u201ces una gran oportunidad, \u00a0para que nuestros escolares, \u00a0realicen y conozcan distintas disciplinas deportivas y vayan buscando en ellas, \u00a0en cuales \u00a0ven \u00a0m\u00e1s desarrollado su potencial, el deporte escolar debe ser integrador, que no tan solo forme deportistas, \u00a0sino que adem\u00e1s forme buenas personas, aspiramos a que el deporte escolar , tome protagonismo y que \u00a0sea realmente el semillero \u00a0de deportistas en muchas disciplinas deportiva, que sea el medio que nos conduzca a la alta competencia\u201d.<\/b><\/p>\n<p class=\"yiv0073743544MsoNormal\" style=\"text-align: justify;\">Se destaca, que bajo esta iniciativa del Ministerio del Deporte \u2013 Instituto Nacional de Deportes, en lo que va corrido de \u00a0este a\u00f1o, \u00a0se han realizado doce eventos \u00a0deportivos, \u00a0considerando \u00a0la participaci\u00f3n, hasta el momento de 1400 \u00a0 beneficiarios, \u00a0a nivel regional, en las disciplinas futsal, b\u00e1squetbol, tenis de mesa, f\u00fatbol, mini atletismo, entre otros, adem\u00e1s de algunas denominadas \u201cpolideportivas\u201d, que son encuentros en donde los ni\u00f1os y ni\u00f1as, experimentan actividad deportiva, con distintas disciplinas, \u00a0comprometiendo la participaci\u00f3n de escuelas y \u00a0colegios de las comunas de la regi\u00f3n.<\/p>\n<p class=\"yiv0073743544MsoNormal\" style=\"text-align: justify;\">Para la pr\u00f3xima semana ya se tienen programados los encuentros masivos de: Balonmano en el Polideportivo \u00c1ngel Marentis de Ovalle, el mi\u00e9rcoles 16.<\/p>\n<p class=\"yiv0073743544MsoNormal\" style=\"text-align: justify;\">Para el viernes 18 de noviembre, se realizar\u00e1\u00a0 un Masivo de Balonmano, en la Escuela Am\u00e9rica de Combarbal\u00e1, por su parte, en la comuna de La Serena se ejecutar\u00e1 la Liga de Futsal y en Coquimbo, la Liga de Voleibol.<\/p>\n","protected":false},"excerpt":{"rendered":"<p>Sistema de competencia convocado por el Mindep y ejecutado por el IND, que permite que escolares de las categor\u00edas menores, puedan vivenciar alguna pr\u00e1ctica deportiva, de manera competitiva o participativa. El programa Juegos Pre deportivos Escolares, es convocado por el Ministerio del Deporte, \u00a0que realiza a trav\u00e9s del Instituto Nacional<\/p>\n","protected":false},"author":1,"featured_media":2534,"comment_status":"closed","ping_status":"open","sticky":false,"template":"","format":"standard","meta":{"footnotes":""},"categories":[37],"tags":[],"class_list":["post-2533","post","type-post","status-publish","format-standard","has-post-thumbnail","hentry","category-ind-coquimbo"],"_links":{"self":[{"href":"https:\/\/minutaregional.cl\/index.php?rest_route=\/wp\/v2\/posts\/2533","targetHints":{"allow":["GET"]}}],"collection":[{"href":"https:\/\/minutaregional.cl\/index.php?rest_route=\/wp\/v2\/posts"}],"about":[{"href":"https:\/\/minutaregional.cl\/index.php?rest_route=\/wp\/v2\/types\/post"}],"author":[{"embeddable":true,"href":"https:\/\/minutaregional.cl\/index.php?rest_route=\/wp\/v2\/users\/1"}],"replies":[{"embeddable":true,"href":"https:\/\/minutaregional.cl\/index.php?rest_route=%2Fwp%2Fv2%2Fcomments&post=2533"}],"version-history":[{"count":1,"href":"https:\/\/minutaregional.cl\/index.php?rest_route=\/wp\/v2\/posts\/2533\/revisions"}],"predecessor-version":[{"id":2535,"href":"https:\/\/minutaregional.cl\/index.php?rest_route=\/wp\/v2\/posts\/2533\/revisions\/2535"}],"wp:featuredmedia":[{"embeddable":true,"href":"https:\/\/minutaregional.cl\/index.php?rest_route=\/wp\/v2\/media\/2534"}],"wp:attachment":[{"href":"https:\/\/minutaregional.cl\/index.php?rest_route=%2Fwp%2Fv2%2Fmedia&parent=2533"}],"wp:term":[{"taxonomy":"category","embeddable":true,"href":"https:\/\/minutaregional.cl\/index.php?rest_route=%2Fwp%2Fv2%2Fcategories&post=2533"},{"taxonomy":"post_tag","embeddable":true,"href":"https:\/\/minutaregional.cl\/index.php?rest_route=%2Fwp%2Fv2%2Ftags&post=2533"}],"curies":[{"name":"wp","href":"https:\/\/api.w.org\/{rel}","templated":true}]}}