{"id":2529,"date":"2022-11-10T01:55:03","date_gmt":"2022-11-10T01:55:03","guid":{"rendered":"https:\/\/minutaregional.cl\/?p=2529"},"modified":"2022-11-10T01:55:03","modified_gmt":"2022-11-10T01:55:03","slug":"diputado-manouchehri-por-peticion-de-censura-en-comision-de-economia-hemos-trabajando-de-manera-transversal-para-millones-de-chilenos","status":"publish","type":"post","link":"https:\/\/minutaregional.cl\/?p=2529","title":{"rendered":"Diputado Manouchehri por petici\u00f3n de censura en Comisi\u00f3n de Econom\u00eda: \u201cHemos trabajando de manera transversal para millones de chilenos\u201d"},"content":{"rendered":"<p style=\"text-align: justify;\">El presidente de la Comisi\u00f3n de Econom\u00eda de la C\u00e1mara de Diputados, Daniel Manouchehri, respondi\u00f3 a la petici\u00f3n de censura del diputado Gonzalo De La Carrera\u00a0en su contra. El legislador del PS se\u00f1al\u00f3 que su presidencia ha trabajado \u201cde manera transversal y muy respetuosa de la diversidad pol\u00edtica por las millones de personas que est\u00e1n solicitando ayudas econ\u00f3micas\u201d.<\/p>\n<p style=\"text-align: justify;\">\u201cEl tiempo de trabajo que hemos invertido en esta comisi\u00f3n la gente lo sabe. Hemos estado trabajando proyectos de ley que benefician a millones de personas. Hoy d\u00eda ese trabajo se interrumpe a prop\u00f3sito de una embestida pol\u00edtica, de esa peque\u00f1a pol\u00edtica que le hace tanto da\u00f1o a nuestro pa\u00eds\u201d\u00a0destac\u00f3 Manouchehri.<\/p>\n<p style=\"text-align: justify;\">Asimismo, el parlamentario socialista agreg\u00f3 que \u201cdurante meses hemos trabajado en una agenda que beneficia a millones de chilenos. Estamos luchando por los derechos de las personas, por los endeudados, por las Pymes, por las millones de personas que est\u00e1n solicitando ayudas econ\u00f3micas. Esto lo hemos trabajado de manera transversal y muy respetuosa de la diversidad pol\u00edtica\u201d,<\/p>\n<p style=\"text-align: justify;\">En esa l\u00ednea, el parlamentario de la Regi\u00f3n de Coquimbo indic\u00f3 que \u201clos proyectos que hemos despachado de esta comisi\u00f3n han sido aprobados por el 90% de sus miembros. Hemos promovido mociones parlamentarias donde sus autores van desde la UDI hasta el Partido Comunista, pasando por Convergencia, el Partido Liberal, el Partido Socialista y la Democracia Cristiana. Hemos actuado de manera correcta\u201d.<\/p>\n<p style=\"text-align: justify;\">El Subjefe de la Bancada PS, Tom\u00e1s de Rementer\u00eda, respald\u00f3 al legislador a nombre de las y los diputados socialistas. \u201cEsto no tiene que ver con asuntos pol\u00edticos, tiene que ver con una persecuci\u00f3n por el rol que ha tenido el diputado Manouchehri de defender la privacidad crediticia de las personas, de atacar al sistema bancario que persigue y acogota a las personas endeudadas\u201d, afirm\u00f3.<\/p>\n<p style=\"text-align: justify;\">El diputado por el Distrito 7 recalc\u00f3 el respaldo de la Bancada a Manouchehri, \u201cquien ha cumplido un rol clave en la Comisi\u00f3n de Econom\u00eda. Que ha hecho funcionar su comisi\u00f3n y ha sacado proyectos que han llegado a la sala, incluso algunos convertidos en ley\u201d.<\/p>\n<p style=\"text-align: justify;\">En ese sentido, el diputado Manouchehri ratific\u00f3 que las afirmaciones que motivan la solicitud de censura son falsas. \u201cYo creo que el pa\u00eds conoce bien al diputado De La Carrera. Llevamos meses hablando de \u00e9l y no necesariamente por su trabajo legislativo. Ha presentado una solicitud de censura en base a argumentos falsos que carecen de fundamento\u201d, asever\u00f3.<\/p>\n<p style=\"text-align: justify;\">Finalmente, Manouchehri inst\u00f3 a los miembros de la comisi\u00f3n a decidir en conciencia la petici\u00f3n de censura en su contra, destacando su trabajo transversal con los diversos sectores pol\u00edticos en la tramitaci\u00f3n de proyectos orientados a la ayuda econ\u00f3mica de la ciudadan\u00eda.<\/p>\n<p style=\"text-align: justify;\">\u201cCreemos que el 22 de noviembre los diputados simplemente tendr\u00e1n que decidir si siguen al diputado De la Carrera en esta embestida que est\u00e1 realizando. Los diputados que han sido autores, algunos del 100% de los proyectos que se han discutido en la comisi\u00f3n, tendr\u00e1n que tambi\u00e9n dirimir si esa acusaci\u00f3n que hace el diputado De La Carrera tiene o no fundamento. Porque la acusaci\u00f3n la realiza \u00e9l, no obstante, puede haber alg\u00fan acuerdo pol\u00edtico diferente.\u201d, cerr\u00f3.<\/p>\n<p>&nbsp;<\/p>\n<p>&nbsp;<\/p>\n<p>&nbsp;<\/p>\n","protected":false},"excerpt":{"rendered":"<p>El presidente de la Comisi\u00f3n de Econom\u00eda de la C\u00e1mara de Diputados, Daniel Manouchehri, respondi\u00f3 a la petici\u00f3n de censura del diputado Gonzalo De La Carrera\u00a0en su contra. El legislador del PS se\u00f1al\u00f3 que su presidencia ha trabajado \u201cde manera transversal y muy respetuosa de la diversidad pol\u00edtica por las<\/p>\n","protected":false},"author":1,"featured_media":2530,"comment_status":"closed","ping_status":"open","sticky":false,"template":"","format":"standard","meta":{"footnotes":""},"categories":[26],"tags":[],"class_list":["post-2529","post","type-post","status-publish","format-standard","has-post-thumbnail","hentry","category-camara-de-diputadas-y-diputados"],"_links":{"self":[{"href":"https:\/\/minutaregional.cl\/index.php?rest_route=\/wp\/v2\/posts\/2529","targetHints":{"allow":["GET"]}}],"collection":[{"href":"https:\/\/minutaregional.cl\/index.php?rest_route=\/wp\/v2\/posts"}],"about":[{"href":"https:\/\/minutaregional.cl\/index.php?rest_route=\/wp\/v2\/types\/post"}],"author":[{"embeddable":true,"href":"https:\/\/minutaregional.cl\/index.php?rest_route=\/wp\/v2\/users\/1"}],"replies":[{"embeddable":true,"href":"https:\/\/minutaregional.cl\/index.php?rest_route=%2Fwp%2Fv2%2Fcomments&post=2529"}],"version-history":[{"count":1,"href":"https:\/\/minutaregional.cl\/index.php?rest_route=\/wp\/v2\/posts\/2529\/revisions"}],"predecessor-version":[{"id":2531,"href":"https:\/\/minutaregional.cl\/index.php?rest_route=\/wp\/v2\/posts\/2529\/revisions\/2531"}],"wp:featuredmedia":[{"embeddable":true,"href":"https:\/\/minutaregional.cl\/index.php?rest_route=\/wp\/v2\/media\/2530"}],"wp:attachment":[{"href":"https:\/\/minutaregional.cl\/index.php?rest_route=%2Fwp%2Fv2%2Fmedia&parent=2529"}],"wp:term":[{"taxonomy":"category","embeddable":true,"href":"https:\/\/minutaregional.cl\/index.php?rest_route=%2Fwp%2Fv2%2Fcategories&post=2529"},{"taxonomy":"post_tag","embeddable":true,"href":"https:\/\/minutaregional.cl\/index.php?rest_route=%2Fwp%2Fv2%2Ftags&post=2529"}],"curies":[{"name":"wp","href":"https:\/\/api.w.org\/{rel}","templated":true}]}}