{"id":2522,"date":"2022-11-09T17:22:19","date_gmt":"2022-11-09T17:22:19","guid":{"rendered":"https:\/\/minutaregional.cl\/?p=2522"},"modified":"2022-11-09T17:22:19","modified_gmt":"2022-11-09T17:22:19","slug":"representantes-de-asemuch-de-municipio-de-canela-llegan-con-ayuda-a-localidad-de-los-molles-en-monte-patria","status":"publish","type":"post","link":"https:\/\/minutaregional.cl\/?p=2522","title":{"rendered":"REPRESENTANTES DE ASEMUCH DE MUNICIPIO DE CANELA LLEGAN CON AYUDA A LOCALIDAD DE LOS MOLLES EN MONTE PATRIA"},"content":{"rendered":"<p style=\"text-align: justify;\">Hasta la localidad de Los Molles en la comuna de Monte Patria, lleg\u00f3 la directiva de la Asemuch de la municipalidad de Canela, con ayuda para quienes literalmente lo perdieron todo en el incendio forestal que abarc\u00f3 un \u00e1rea aproximada de 167 hect\u00e1reas, dejando da\u00f1os totales en 26 viviendas y 71 personas damnificadas y sin hogar, sin animales, sin cultivos y 8 personas lesionadas.<\/p>\n<p style=\"text-align: justify;\">Sergio Araya Vera, quien es presidente de la junta de vecinos Los Laurales de Los Molles tuvo palabras de agradecimientos y cont\u00f3 parte de la experiencia vivida por \u00e9l y sus vecinos <strong>\u201cPor mi parte hasta <\/strong><strong>ahora uno como que todav\u00eda\u00a0 no asimila lo que pas\u00f3, solo el ver y uno como que todav\u00eda dice yo no creo que nosotros no haya pasado, pero es la realidad de lo que estamos viviendo ahora y el ver qu\u00e9 quedamos muchas familias porque estoy incluido dentro de las familias que sufrimos la p\u00e9rdida de las casas, es fuerte, muy fuerte porque nosotros casas que fueron siniestradas fueron 26 casas, 26 familias que quedamos pr\u00e1cticamente en la calle sin nada, tambi\u00e9n efectivamente hubieron perdidas de oveja y animales chicos, gatos cosas as\u00ed, caballos que tambi\u00e9n fueron afectados los mismos caballos de la de los carabineros que tenemos aqu\u00ed que tambi\u00e9n fueron bastante afectados que ellos al final se los tuvieron que llevar\u201d.<\/strong><\/p>\n<p style=\"text-align: justify;\">Esta iniciativa de parte de los funcionarios y las funcionarias municipales de Canela cont\u00f3 adem\u00e1s con el apoyo del alcalde Bernardo Leyton quien ya hab\u00eda manifestado su solidaridad con el dif\u00edcil momento que atraviesan los habitantes de este sector de la comuna de Monte Patria.<\/p>\n<p style=\"text-align: justify;\">Jonathan Vega, presidente comunal de la Asemuch manifest\u00f3 que luego de conversar con el presidente de la junta de vecinos del sector la ayuda que ahora necesitan es para comenzar a reconstruir <strong>\u201cConversando con don Sergio presidente de la junta de vecinos de aqu\u00ed de Los Laureles comentaba que han recibido harta ayuda en alimentos y ropa, lo que hoy d\u00eda est\u00e1n requiriendo es materiales de construcci\u00f3n, para empezar con la reconstrucci\u00f3n aqu\u00ed hay 26 viviendas que fueron afectadas en su totalidad que se perdi\u00f3 todo y estos vecinos tienen que volver a pararse,\u00a0 est\u00e1n con la esperanza de poder retomar el rumbo, de recuperar sus viviendas o volver a construir en el lugar que ellos habitan, entonces el llamado es a seguir cooperando porque muy bien es cierto a llegado ayuda esto es para para largo rato, entonces esperamos que en un tiempo corto se pueda llegar ayuda del gobierno para que puedan tener su vivienda y puedan avanzar en la reconstrucci\u00f3n\u201d<\/strong><\/p>\n<p style=\"text-align: justify;\">Cabe recordar que el municipio de Monte Patria propuso medidas para enfrentar a los posibles responsables del siniestro con su equipo jur\u00eddico present\u00f3 una querella por el delito de incendio, los motivos, la afectaci\u00f3n de bienes nacionales de uso p\u00fablico, como lo son las riberas de r\u00edo y sus cauces; ambos elementos naturales donde tienen incidencia y atribuci\u00f3n los municipios, seg\u00fan la ley N\u00b0 18.695 sobre org\u00e1nica de municipalidades.<\/p>\n<p>&nbsp;<\/p>\n","protected":false},"excerpt":{"rendered":"<p>Hasta la localidad de Los Molles en la comuna de Monte Patria, lleg\u00f3 la directiva de la Asemuch de la municipalidad de Canela, con ayuda para quienes literalmente lo perdieron todo en el incendio forestal que abarc\u00f3 un \u00e1rea aproximada de 167 hect\u00e1reas, dejando da\u00f1os totales en 26 viviendas y<\/p>\n","protected":false},"author":1,"featured_media":2523,"comment_status":"closed","ping_status":"open","sticky":false,"template":"","format":"standard","meta":{"footnotes":""},"categories":[21],"tags":[],"class_list":["post-2522","post","type-post","status-publish","format-standard","has-post-thumbnail","hentry","category-municipalidades"],"_links":{"self":[{"href":"https:\/\/minutaregional.cl\/index.php?rest_route=\/wp\/v2\/posts\/2522","targetHints":{"allow":["GET"]}}],"collection":[{"href":"https:\/\/minutaregional.cl\/index.php?rest_route=\/wp\/v2\/posts"}],"about":[{"href":"https:\/\/minutaregional.cl\/index.php?rest_route=\/wp\/v2\/types\/post"}],"author":[{"embeddable":true,"href":"https:\/\/minutaregional.cl\/index.php?rest_route=\/wp\/v2\/users\/1"}],"replies":[{"embeddable":true,"href":"https:\/\/minutaregional.cl\/index.php?rest_route=%2Fwp%2Fv2%2Fcomments&post=2522"}],"version-history":[{"count":1,"href":"https:\/\/minutaregional.cl\/index.php?rest_route=\/wp\/v2\/posts\/2522\/revisions"}],"predecessor-version":[{"id":2524,"href":"https:\/\/minutaregional.cl\/index.php?rest_route=\/wp\/v2\/posts\/2522\/revisions\/2524"}],"wp:featuredmedia":[{"embeddable":true,"href":"https:\/\/minutaregional.cl\/index.php?rest_route=\/wp\/v2\/media\/2523"}],"wp:attachment":[{"href":"https:\/\/minutaregional.cl\/index.php?rest_route=%2Fwp%2Fv2%2Fmedia&parent=2522"}],"wp:term":[{"taxonomy":"category","embeddable":true,"href":"https:\/\/minutaregional.cl\/index.php?rest_route=%2Fwp%2Fv2%2Fcategories&post=2522"},{"taxonomy":"post_tag","embeddable":true,"href":"https:\/\/minutaregional.cl\/index.php?rest_route=%2Fwp%2Fv2%2Ftags&post=2522"}],"curies":[{"name":"wp","href":"https:\/\/api.w.org\/{rel}","templated":true}]}}