{"id":2508,"date":"2022-11-09T16:18:48","date_gmt":"2022-11-09T16:18:48","guid":{"rendered":"https:\/\/minutaregional.cl\/?p=2508"},"modified":"2022-11-09T16:18:48","modified_gmt":"2022-11-09T16:18:48","slug":"ministra-vallejo-firma-acuerdo-entre-segegob-y-onu-mujeres-para-incluir-perspectiva-de-genero-en-las-comunicaciones","status":"publish","type":"post","link":"https:\/\/minutaregional.cl\/?p=2508","title":{"rendered":"Ministra Vallejo firma acuerdo entre Segegob y ONU Mujeres para incluir perspectiva de g\u00e9nero en las comunicaciones"},"content":{"rendered":"<p style=\"text-align: justify;\">El Memorando de Entendimiento busca reducir las brechas de g\u00e9nero en los espacios de liderazgo, en las comunicaciones gubernamentales y medios de comunicaci\u00f3n.<\/p>\n<p style=\"text-align: justify;\"><strong><em>\u00a0<\/em><\/strong><strong>Martes 8 de noviembre 2022.- <\/strong>Con el objetivo de colaborar activamente en la incorporaci\u00f3n de perspectivas de g\u00e9nero y el dise\u00f1o de pol\u00edticas p\u00fablicas en esa l\u00ednea, el Ministerio Secretar\u00eda General de Gobierno (Segegob), a trav\u00e9s de su jefa de cartera, Camila Vallejo, y su Subsecretar\u00eda, liderada por Valeska Naranjo, firmaron hoy un convenio con ONU Mujeres para avanzar de manera activa en esta materia tanto a nivel estatal como de medios de comunicaci\u00f3n.<\/p>\n<p style=\"text-align: justify;\">\u201cCon la firma de este memor\u00e1ndum podremos capacitar m\u00e1s y mejor a nuestras funcionarias y funcionarios; impulsar iniciativas junto a comunicadores y comunicadoras para prevenir y erradicar la violencia de g\u00e9nero y el lenguaje sexista; potenciar liderazgos femeninos a nivel local y dirigencial; entre tantas otras aristas\u201d, explic\u00f3 en la instancia la ministra vocera de Gobierno, Camila Vallejo.<\/p>\n<p style=\"text-align: justify;\">A la actividad asistieron representantes de ONU mujeres, autoridades, jefes de divisi\u00f3n y coordinadores de Segegob, as\u00ed como tambi\u00e9n directores de medios, representantes del CNTV, del directorio de TVN, de la Asociaci\u00f3n Nacional de Mujeres periodistas y escritoras (ANMPE), la red de periodistas feministas, integrantes del Colegio de Periodistas, diversas trabajadoras de las comunicaciones, y decanas y decanos de facultades de comunicaciones de las universidades m\u00e1s destacadas del pa\u00eds.<\/p>\n<p style=\"text-align: justify;\">Mediante esta iniciativa, liderada tambi\u00e9n por la jefa de ONU Mujeres Chile, Gabriela Roser\u00f3, se invit\u00f3 a diferentes medios de comunicaci\u00f3n a ser parte de un \u201cpacto de medios\u201d voluntario que pretende potenciar a trav\u00e9s de asesor\u00edas materias como la inclusi\u00f3n de g\u00e9nero, de la comunidad LGBTIQ+ y la reducci\u00f3n de brechas en esta materia, entre otros, a cambio de garantizar la difusi\u00f3n y amplificaci\u00f3n de los contenidos y de tener un acceso preferencial cuando soliciten entrevistas con funcionarios superiores de la ONU, entre otras cosas.<\/p>\n<p style=\"text-align: justify;\">\u201cHoy es un d\u00eda importante para las mujeres. Estamos muy alegres de poder firmar este acuerdo que permitir\u00e1 brindar la asistencia t\u00e9cnica y acompa\u00f1amiento<\/p>\n<p style=\"text-align: justify;\">para trabajar en enfoques de g\u00e9nero en medios de comunicaci\u00f3n\u201d, se\u00f1al\u00f3 Gabriela Roser\u00f3 de ONU Mujeres.<\/p>\n","protected":false},"excerpt":{"rendered":"<p>El Memorando de Entendimiento busca reducir las brechas de g\u00e9nero en los espacios de liderazgo, en las comunicaciones gubernamentales y medios de comunicaci\u00f3n. \u00a0Martes 8 de noviembre 2022.- Con el objetivo de colaborar activamente en la incorporaci\u00f3n de perspectivas de g\u00e9nero y el dise\u00f1o de pol\u00edticas p\u00fablicas en esa l\u00ednea,<\/p>\n","protected":false},"author":1,"featured_media":2509,"comment_status":"closed","ping_status":"open","sticky":false,"template":"","format":"standard","meta":{"footnotes":""},"categories":[1],"tags":[],"class_list":["post-2508","post","type-post","status-publish","format-standard","has-post-thumbnail","hentry","category-noticias-regionales"],"_links":{"self":[{"href":"https:\/\/minutaregional.cl\/index.php?rest_route=\/wp\/v2\/posts\/2508","targetHints":{"allow":["GET"]}}],"collection":[{"href":"https:\/\/minutaregional.cl\/index.php?rest_route=\/wp\/v2\/posts"}],"about":[{"href":"https:\/\/minutaregional.cl\/index.php?rest_route=\/wp\/v2\/types\/post"}],"author":[{"embeddable":true,"href":"https:\/\/minutaregional.cl\/index.php?rest_route=\/wp\/v2\/users\/1"}],"replies":[{"embeddable":true,"href":"https:\/\/minutaregional.cl\/index.php?rest_route=%2Fwp%2Fv2%2Fcomments&post=2508"}],"version-history":[{"count":1,"href":"https:\/\/minutaregional.cl\/index.php?rest_route=\/wp\/v2\/posts\/2508\/revisions"}],"predecessor-version":[{"id":2510,"href":"https:\/\/minutaregional.cl\/index.php?rest_route=\/wp\/v2\/posts\/2508\/revisions\/2510"}],"wp:featuredmedia":[{"embeddable":true,"href":"https:\/\/minutaregional.cl\/index.php?rest_route=\/wp\/v2\/media\/2509"}],"wp:attachment":[{"href":"https:\/\/minutaregional.cl\/index.php?rest_route=%2Fwp%2Fv2%2Fmedia&parent=2508"}],"wp:term":[{"taxonomy":"category","embeddable":true,"href":"https:\/\/minutaregional.cl\/index.php?rest_route=%2Fwp%2Fv2%2Fcategories&post=2508"},{"taxonomy":"post_tag","embeddable":true,"href":"https:\/\/minutaregional.cl\/index.php?rest_route=%2Fwp%2Fv2%2Ftags&post=2508"}],"curies":[{"name":"wp","href":"https:\/\/api.w.org\/{rel}","templated":true}]}}