{"id":2505,"date":"2022-11-09T14:31:17","date_gmt":"2022-11-09T14:31:17","guid":{"rendered":"https:\/\/minutaregional.cl\/?p=2505"},"modified":"2022-11-09T14:31:17","modified_gmt":"2022-11-09T14:31:17","slug":"derecho-al-olvido-financiero-fue-aprobado-en-general-por-la-comision-de-economia-de-la-camara-de-diputados","status":"publish","type":"post","link":"https:\/\/minutaregional.cl\/?p=2505","title":{"rendered":"\u201cDerecho al olvido financiero\u201d fue aprobado en general por la Comisi\u00f3n de Econom\u00eda de la C\u00e1mara de Diputados"},"content":{"rendered":"<p style=\"text-align: justify;\"><em>Su autor, el diputado del PS Daniel Manouchehri, destac\u00f3 la transversalidad de los parlamentarios en la tramitaci\u00f3n del proyecto.<\/em><\/p>\n<p style=\"text-align: justify;\">En una agitada sesi\u00f3n, la Comisi\u00f3n de Econom\u00eda de la C\u00e1mara de Diputadas y Diputados aprob\u00f3 en general el proyecto que consagra el \u201cderecho al olvido financiero\u201d, tambi\u00e9n conocido como \u201cChao Hist\u00f3rico\u201d.<\/p>\n<p style=\"text-align: justify;\">El presidente de la comisi\u00f3n y autor del proyecto, Daniel Manouchehri, recalc\u00f3 su importancia y valor\u00f3 el respaldo transversal de los legisladores. \u201cVamos por las cosas importantes. Este proyecto es de inter\u00e9s de millones de chilenos y chilenas\u201d, indic\u00f3.<\/p>\n<p style=\"text-align: justify;\">\u201cEste proyecto es parte de la agenda de ayuda a los endeudados, que hemos impulsado de manera transversal con diputados y diputadas mediante mociones parlamentarias. Trabajando de la manera que espera la gente. Poni\u00e9ndonos de acuerdo en cosas que afectan a millones de personas\u201d, se\u00f1al\u00f3 el legislador del PS.<\/p>\n<p style=\"text-align: justify;\">Junto al legislador de la Regi\u00f3n de Coquimbo, son coautores de la moci\u00f3n las diputadas Ana Mar\u00eda Bravo y Daniella Cicardini del PS, Javiera Morales (CS); y los diputados Miguel Mellado (RN), Leonardo Soto y Daniel Melo del PS, Boris Barrera (PC), Miguel \u00c1ngel Calisto (DC) y Joaqu\u00edn Lav\u00edn Le\u00f3n (UDI).<\/p>\n<p style=\"text-align: justify;\">El \u201cDerecho al olvido financiero\u201d busca la eliminaci\u00f3n del registro hist\u00f3rico de deudas extinguidas, prescritas o saldadas. Principalmente, establece la obligaci\u00f3n a las entidades financieras de eliminar los registros de deudas superiores a 5 a\u00f1os, prescritos en nuestra legislaci\u00f3n. A su vez, obliga a las entidades financieras a entregar un informe escrito cuando nieguen un cr\u00e9dito a las personas. Se consagran importantes multas que van de los 1250 UTM hasta las 2500 UTM.<\/p>\n<p style=\"text-align: justify;\">Previo a la votaci\u00f3n, la instancia escuch\u00f3 la exposici\u00f3n del Superintendente de Insolvencia y Reemprendimiento, Hugo S\u00e1nchez; del presidente de la Asociaci\u00f3n de Bancos e Instituciones Financieras, Jos\u00e9 Manuel Mena; y del presidente de la Organizaci\u00f3n de Consumidores y Usuarios (ODECU), Stefan Larenas. A\u00fan resta su votaci\u00f3n en particular y luego su eventual despacho a sala.<\/p>\n","protected":false},"excerpt":{"rendered":"<p>Su autor, el diputado del PS Daniel Manouchehri, destac\u00f3 la transversalidad de los parlamentarios en la tramitaci\u00f3n del proyecto. En una agitada sesi\u00f3n, la Comisi\u00f3n de Econom\u00eda de la C\u00e1mara de Diputadas y Diputados aprob\u00f3 en general el proyecto que consagra el \u201cderecho al olvido financiero\u201d, tambi\u00e9n conocido como \u201cChao<\/p>\n","protected":false},"author":1,"featured_media":2506,"comment_status":"closed","ping_status":"open","sticky":false,"template":"","format":"standard","meta":{"footnotes":""},"categories":[26],"tags":[],"class_list":["post-2505","post","type-post","status-publish","format-standard","has-post-thumbnail","hentry","category-camara-de-diputadas-y-diputados"],"_links":{"self":[{"href":"https:\/\/minutaregional.cl\/index.php?rest_route=\/wp\/v2\/posts\/2505","targetHints":{"allow":["GET"]}}],"collection":[{"href":"https:\/\/minutaregional.cl\/index.php?rest_route=\/wp\/v2\/posts"}],"about":[{"href":"https:\/\/minutaregional.cl\/index.php?rest_route=\/wp\/v2\/types\/post"}],"author":[{"embeddable":true,"href":"https:\/\/minutaregional.cl\/index.php?rest_route=\/wp\/v2\/users\/1"}],"replies":[{"embeddable":true,"href":"https:\/\/minutaregional.cl\/index.php?rest_route=%2Fwp%2Fv2%2Fcomments&post=2505"}],"version-history":[{"count":1,"href":"https:\/\/minutaregional.cl\/index.php?rest_route=\/wp\/v2\/posts\/2505\/revisions"}],"predecessor-version":[{"id":2507,"href":"https:\/\/minutaregional.cl\/index.php?rest_route=\/wp\/v2\/posts\/2505\/revisions\/2507"}],"wp:featuredmedia":[{"embeddable":true,"href":"https:\/\/minutaregional.cl\/index.php?rest_route=\/wp\/v2\/media\/2506"}],"wp:attachment":[{"href":"https:\/\/minutaregional.cl\/index.php?rest_route=%2Fwp%2Fv2%2Fmedia&parent=2505"}],"wp:term":[{"taxonomy":"category","embeddable":true,"href":"https:\/\/minutaregional.cl\/index.php?rest_route=%2Fwp%2Fv2%2Fcategories&post=2505"},{"taxonomy":"post_tag","embeddable":true,"href":"https:\/\/minutaregional.cl\/index.php?rest_route=%2Fwp%2Fv2%2Ftags&post=2505"}],"curies":[{"name":"wp","href":"https:\/\/api.w.org\/{rel}","templated":true}]}}