{"id":2489,"date":"2022-11-08T15:46:54","date_gmt":"2022-11-08T15:46:54","guid":{"rendered":"https:\/\/minutaregional.cl\/?p=2489"},"modified":"2022-11-08T15:48:38","modified_gmt":"2022-11-08T15:48:38","slug":"diputado-daniel-manouchehri-por-reforma-de-pensiones-los-chilenos-deben-desconfiar-profundamente-de-lo-que-dicen-las-afp","status":"publish","type":"post","link":"https:\/\/minutaregional.cl\/?p=2489","title":{"rendered":"Diputado Daniel Manouchehri por Reforma de Pensiones: \u201cLos Chilenos deben desconfiar profundamente de lo que dicen las AFP\u201d"},"content":{"rendered":"<div style=\"width: 800px;\" class=\"wp-video\"><video class=\"wp-video-shortcode\" id=\"video-2489-1\" width=\"800\" height=\"450\" preload=\"metadata\" controls=\"controls\"><source type=\"video\/mp4\" src=\"https:\/\/minutaregional.cl\/wp-content\/uploads\/2022\/11\/CONTIGO-AM-Reforma-de-Pensiones-Manouchehri-y-Rojo-Edwards-7nov22-CUNA1c.mp4?_=1\" \/><a href=\"https:\/\/minutaregional.cl\/wp-content\/uploads\/2022\/11\/CONTIGO-AM-Reforma-de-Pensiones-Manouchehri-y-Rojo-Edwards-7nov22-CUNA1c.mp4\">https:\/\/minutaregional.cl\/wp-content\/uploads\/2022\/11\/CONTIGO-AM-Reforma-de-Pensiones-Manouchehri-y-Rojo-Edwards-7nov22-CUNA1c.mp4<\/a><\/video><\/div>\n<p style=\"text-align: justify;\">El diputado socialista Daniel Manouchehri emplaz\u00f3 al sistema de Administradoras de Fondos de Pensiones en la discusi\u00f3n por la Reforma Previsional, que impulsa el gobierno del Presidente Gabriel Boric. En el estudio de \u201cContigo en la Ma\u00f1ana\u201d de Chilevisi\u00f3n, Manouchehri se\u00f1al\u00f3 que \u201clas AFP mienten a los chilenos descaradamente\u201d.<\/p>\n<p style=\"text-align: justify;\">\u201cEste un debate que los chilenos tienen que apoyar con mucha fuerza y desconfiar profundamente de lo que dicen las AFP en sus publicidades. Las AFP mienten a los chilenos de una manera descarada para proteger un negocio que no los ha hecho millonarios, sino que multimillonarios\u201d, asegur\u00f3 el legislador.<\/p>\n<p style=\"text-align: justify;\">El diputado de la Regi\u00f3n de Coquimbo ahond\u00f3 en sus dichos, recalcando las injusticias del sistema previsional actual. \u201cNosotros tenemos un sistema injusto, que es la AFP. El de la Reforma es un sistema moderno que adem\u00e1s les saca un mont\u00f3n de temas que hoy las AFP ven; como el tema de las cartolas, la atenci\u00f3n de p\u00fablico y una serie de situaciones que lo que hace es subir las cotizaciones de las personas. Hoy pr\u00e1cticamente el 10% de las pensiones va en gastos de las AFP\u201d, indic\u00f3.<\/p>\n<p style=\"text-align: justify;\">\u201cImag\u00ednense qu\u00e9 significa, porque a algunos les gusta hablar \u2018con mi plata no\u2019, pero aqu\u00ed incluso las AFP est\u00e1n haciendo una campa\u00f1a p\u00fablica para defender su modelo con la plata de todos los chilenos\u201d, agreg\u00f3 Manouchehri.<\/p>\n<p style=\"text-align: justify;\">En esa l\u00ednea, el parlamentario del PS destac\u00f3 que lo planteado por el gobierno \u201ces una reforma seria que tiene que ser discutida de esta manera en el Congreso, que adem\u00e1s tiene la garant\u00eda de que es un sistema mixto, basado en tres pilares. No es un sistema de reparto, no es un sistema que consolide el modelo de AFP, sino que se hace cargo de las cosas buenas que puede haber tenido el sistema pero que hoy d\u00eda permite mejorar las pensiones\u201d.<\/p>\n<p>&nbsp;<\/p>\n","protected":false},"excerpt":{"rendered":"<p>El diputado socialista Daniel Manouchehri emplaz\u00f3 al sistema de Administradoras de Fondos de Pensiones en la discusi\u00f3n por la Reforma Previsional, que impulsa el gobierno del Presidente Gabriel Boric. En el estudio de \u201cContigo en la Ma\u00f1ana\u201d de Chilevisi\u00f3n, Manouchehri se\u00f1al\u00f3 que \u201clas AFP mienten a los chilenos descaradamente\u201d. \u201cEste<\/p>\n","protected":false},"author":1,"featured_media":2492,"comment_status":"closed","ping_status":"open","sticky":false,"template":"","format":"standard","meta":{"footnotes":""},"categories":[26],"tags":[],"class_list":["post-2489","post","type-post","status-publish","format-standard","has-post-thumbnail","hentry","category-camara-de-diputadas-y-diputados"],"_links":{"self":[{"href":"https:\/\/minutaregional.cl\/index.php?rest_route=\/wp\/v2\/posts\/2489","targetHints":{"allow":["GET"]}}],"collection":[{"href":"https:\/\/minutaregional.cl\/index.php?rest_route=\/wp\/v2\/posts"}],"about":[{"href":"https:\/\/minutaregional.cl\/index.php?rest_route=\/wp\/v2\/types\/post"}],"author":[{"embeddable":true,"href":"https:\/\/minutaregional.cl\/index.php?rest_route=\/wp\/v2\/users\/1"}],"replies":[{"embeddable":true,"href":"https:\/\/minutaregional.cl\/index.php?rest_route=%2Fwp%2Fv2%2Fcomments&post=2489"}],"version-history":[{"count":1,"href":"https:\/\/minutaregional.cl\/index.php?rest_route=\/wp\/v2\/posts\/2489\/revisions"}],"predecessor-version":[{"id":2491,"href":"https:\/\/minutaregional.cl\/index.php?rest_route=\/wp\/v2\/posts\/2489\/revisions\/2491"}],"wp:featuredmedia":[{"embeddable":true,"href":"https:\/\/minutaregional.cl\/index.php?rest_route=\/wp\/v2\/media\/2492"}],"wp:attachment":[{"href":"https:\/\/minutaregional.cl\/index.php?rest_route=%2Fwp%2Fv2%2Fmedia&parent=2489"}],"wp:term":[{"taxonomy":"category","embeddable":true,"href":"https:\/\/minutaregional.cl\/index.php?rest_route=%2Fwp%2Fv2%2Fcategories&post=2489"},{"taxonomy":"post_tag","embeddable":true,"href":"https:\/\/minutaregional.cl\/index.php?rest_route=%2Fwp%2Fv2%2Ftags&post=2489"}],"curies":[{"name":"wp","href":"https:\/\/api.w.org\/{rel}","templated":true}]}}