{"id":2482,"date":"2022-11-08T14:55:54","date_gmt":"2022-11-08T14:55:54","guid":{"rendered":"https:\/\/minutaregional.cl\/?p=2482"},"modified":"2022-11-08T15:41:49","modified_gmt":"2022-11-08T15:41:49","slug":"minera-los-pelambres-y-la-comunidad-de-mincha-entregan-nuevo-carro-bomba-a-bomberos","status":"publish","type":"post","link":"https:\/\/minutaregional.cl\/?p=2482","title":{"rendered":"Minera Los Pelambres y la comunidad de Mincha entregan nuevo carro bomba a Bomberos"},"content":{"rendered":"<audio class=\"wp-audio-shortcode\" id=\"audio-2482-1\" preload=\"none\" style=\"width: 100%;\" controls=\"controls\"><source type=\"audio\/mpeg\" src=\"https:\/\/minutaregional.cl\/wp-content\/uploads\/2022\/11\/3.-CUNA-Patricio-Pinto-Gerente-Asuntos-Publicos-Minera-Los-Pelambres.mp3?_=1\" \/><a href=\"https:\/\/minutaregional.cl\/wp-content\/uploads\/2022\/11\/3.-CUNA-Patricio-Pinto-Gerente-Asuntos-Publicos-Minera-Los-Pelambres.mp3\">https:\/\/minutaregional.cl\/wp-content\/uploads\/2022\/11\/3.-CUNA-Patricio-Pinto-Gerente-Asuntos-Publicos-Minera-Los-Pelambres.mp3<\/a><\/audio>\n<p>AUDIO:\u00a0 Patricio Pinto &#8211; Gerente Asuntos P\u00fablicos Minera Los Pelambres<\/p>\n<audio class=\"wp-audio-shortcode\" id=\"audio-2482-2\" preload=\"none\" style=\"width: 100%;\" controls=\"controls\"><source type=\"audio\/mpeg\" src=\"https:\/\/minutaregional.cl\/wp-content\/uploads\/2022\/11\/4.-CUNA-Bernardo-Leyton-Alcalde-de-Canela.mp3?_=2\" \/><a href=\"https:\/\/minutaregional.cl\/wp-content\/uploads\/2022\/11\/4.-CUNA-Bernardo-Leyton-Alcalde-de-Canela.mp3\">https:\/\/minutaregional.cl\/wp-content\/uploads\/2022\/11\/4.-CUNA-Bernardo-Leyton-Alcalde-de-Canela.mp3<\/a><\/audio>\n<p>AUDIO : Bernardo Leyton &#8211; Alcalde de Canela<\/p>\n<ul>\n<li style=\"text-align: justify;\"><em>El aporte es parte de un convenio provincial, que ha logrado concretar la entrega de equipamiento menor y carros bomba americanos en las comunas de Illapel, Los Vilos y pr\u00f3ximamente en Salamanca. <\/em><\/li>\n<li style=\"text-align: justify;\"><em>Desde ahora, la comuna de Canela y la comunidad de Mincha contar\u00e1n con un <\/em><em>carro 4&#215;4 especial para combatir emergencias en zonas rurales y que reforzar\u00e1 la labor de sus voluntarias, en su mayor\u00eda mujeres. <\/em><\/li>\n<\/ul>\n<p style=\"text-align: justify;\"><strong>Canela, 08 de noviembre de 2022.- <\/strong>Menores tiempos de respuesta y un combate m\u00e1s r\u00e1pido y eficiente ante incendios forestales y emergencias son las principales ventajas que tendr\u00e1 ahora la Tercera Compa\u00f1\u00eda de Bomberos de Canela y en especial la localidad de Mincha, luego de recibir un carro bomba 4&#215;4 en una ceremonia que reuni\u00f3 a sus 15 voluntarios, la comunidad en general, el alcalde de la comuna, Bernardo Leyton, la delegada Presidencial Provincial, Nataly Carvajal, y el gerente de Asuntos P\u00fablicos de Minera Los Pelambres, Patricio Pinto.<\/p>\n<p style=\"text-align: justify;\">El arribo del veh\u00edculo se realiz\u00f3 desde Santiago y fue posible gracias a los recursos entregados por Minera Los Pelambres, quien a trav\u00e9s de un convenio oficializ\u00f3 su compromiso con Bomberos de Canela, Illapel, Salamanca y Los Vilos, para entregar recursos que favorecieran no s\u00f3lo la adquisici\u00f3n de carros bomba, sino tambi\u00e9n de equipamiento necesario para atender las emergencias m\u00e1s comunes en los territorios.<\/p>\n<p style=\"text-align: justify;\">En la ceremonia de entrega, las voluntarias recalcaron que se trataba de una necesidad pero tambi\u00e9n de una urgencia, ya que \u201cmientras las otras dos compa\u00f1\u00edas de bomberos de la comuna, ubicadas en Canela y Huentelauqu\u00e9n, contaban con un carro, la Tercera Compa\u00f1\u00eda no lo ten\u00eda y presentaba una gran necesidad, ya que no solo cubre Mincha, sino que Agua Fr\u00eda, Atelcura y muchos otros pueblos\u201d, explic\u00f3 Claudia Contreras, superintendenta del cuerpo de Bomberos, agregando que \u00a0\u201cdeb\u00edan esperar m\u00e1s de una hora para que llegaran los carros desde Canela o Huentelauqu\u00e9n\u201d.<\/p>\n<p style=\"text-align: justify;\">La colaboraci\u00f3n de Minera Los Pelambres con el Cuerpo de Bomberos de Canela y su Tercera Compa\u00f1\u00eda, viene a reforzar el apoyo que ha brindado a la instituci\u00f3n a nivel provincial, manteniendo como prioridad los aportes destinados a contribuir a la seguridad de los vecinos. \u201cNuestro modelo como compa\u00f1\u00eda es el de escuchar a las comunidades, en este caso, a los voluntarios y a las autoridades, porque la seguridad es muy relevante y este carro es clave para combatir los incendios y para que la comunidad se sienta m\u00e1s protegida\u201d, sostuvo Patricio Pinto, gerente de Asuntos P\u00fablicos de MLP.<\/p>\n<p style=\"text-align: justify;\"><strong><u>\u00a0<\/u><\/strong><strong><u>Reconocimiento al trabajo colaborativo.<\/u><\/strong><\/p>\n<p style=\"text-align: justify;\">Brindar mayor seguridad y tranquilidad a las localidades de la comuna de Canela es el principal beneficio de contar con el nuevo carro, destaca Bernardo Leyton, alcalde de Canela, quien plante\u00f3 que \u201cestamos muy contentos de tener este carro en la localidad de Mincha Norte, que es el fruto de la cooperaci\u00f3n de los voluntarios y voluntarias, los vecinos y vecinas de Agua Fr\u00eda y Atelcura y Minera Los Pelambres. La colaboraci\u00f3n entre los privados, la comunidad y las instituciones del territorio nos permitir\u00e1 llevar tranquilidad a las localidades, pues tuvimos eventos de incendios que, aunque los voluntarios tuvieron la voluntad de llegar, no pudieron hacerlo y en cambio hoy tendr\u00e1n una pronta respuesta\u201d.<\/p>\n<p style=\"text-align: justify;\">Por su parte, Nataly Carvajal, delegada presidencial provincial de Choapa, recalc\u00f3 que \u201ceste es un trabajo colaborativo, coordinado y en equipo, que cumple un gran sue\u00f1o, tan anhelado para la compa\u00f1\u00eda y que entrega un servicio para la localidad de Mincha y para todas las localidades de Canela\u201d.<\/p>\n<p style=\"text-align: justify;\">Adicionalmente al aporte de la compa\u00f1\u00eda, la misma comunidad organiz\u00f3 diversas acciones para complementar los recursos y, con ello, la llegada del carro a la comunidad. \u201cGracias al apoyo de toda la comunidad, podemos contar con este carro, ya que participaron en bingos, lotas y rifas para obtener recursos, pero sin la empresa Minera Los Pelambres, no hubiese sido posible, porque era muy dif\u00edcil juntar los recursos\u201d, destac\u00f3 Ana Pamela Contreras, directora de la Tercera Compa\u00f1\u00eda de Bomberos de Mincha, compa\u00f1\u00eda formada en su mayor\u00eda por mujeres voluntarias.<\/p>\n<p style=\"text-align: justify;\">De esa forma, a la fecha se ha logrado concretar la entrega de equipamiento menor y carros bomba americanos en las comunas de Illapel y Los Vilos, mientras que en Salamanca se encuentra en proceso de traslado al pa\u00eds con el apoyo del municipio local. A eso se suma la remodelaci\u00f3n del Cuartel de Bomberos de Caimanes, la entrega de equipamiento como radios para los voluntarios de Los Vilos y un apoyo permanente al combate de emergencias, principalmente las relacionadas con incendios forestales.<\/p>\n<p>&nbsp;<\/p>\n","protected":false},"excerpt":{"rendered":"<p>AUDIO:\u00a0 Patricio Pinto &#8211; Gerente Asuntos P\u00fablicos Minera Los Pelambres AUDIO : Bernardo Leyton &#8211; Alcalde de Canela El aporte es parte de un convenio provincial, que ha logrado concretar la entrega de equipamiento menor y carros bomba americanos en las comunas de Illapel, Los Vilos y pr\u00f3ximamente en Salamanca.<\/p>\n","protected":false},"author":1,"featured_media":2483,"comment_status":"closed","ping_status":"open","sticky":false,"template":"","format":"standard","meta":{"footnotes":""},"categories":[21,1],"tags":[],"class_list":["post-2482","post","type-post","status-publish","format-standard","has-post-thumbnail","hentry","category-municipalidades","category-noticias-regionales"],"_links":{"self":[{"href":"https:\/\/minutaregional.cl\/index.php?rest_route=\/wp\/v2\/posts\/2482","targetHints":{"allow":["GET"]}}],"collection":[{"href":"https:\/\/minutaregional.cl\/index.php?rest_route=\/wp\/v2\/posts"}],"about":[{"href":"https:\/\/minutaregional.cl\/index.php?rest_route=\/wp\/v2\/types\/post"}],"author":[{"embeddable":true,"href":"https:\/\/minutaregional.cl\/index.php?rest_route=\/wp\/v2\/users\/1"}],"replies":[{"embeddable":true,"href":"https:\/\/minutaregional.cl\/index.php?rest_route=%2Fwp%2Fv2%2Fcomments&post=2482"}],"version-history":[{"count":3,"href":"https:\/\/minutaregional.cl\/index.php?rest_route=\/wp\/v2\/posts\/2482\/revisions"}],"predecessor-version":[{"id":2488,"href":"https:\/\/minutaregional.cl\/index.php?rest_route=\/wp\/v2\/posts\/2482\/revisions\/2488"}],"wp:featuredmedia":[{"embeddable":true,"href":"https:\/\/minutaregional.cl\/index.php?rest_route=\/wp\/v2\/media\/2483"}],"wp:attachment":[{"href":"https:\/\/minutaregional.cl\/index.php?rest_route=%2Fwp%2Fv2%2Fmedia&parent=2482"}],"wp:term":[{"taxonomy":"category","embeddable":true,"href":"https:\/\/minutaregional.cl\/index.php?rest_route=%2Fwp%2Fv2%2Fcategories&post=2482"},{"taxonomy":"post_tag","embeddable":true,"href":"https:\/\/minutaregional.cl\/index.php?rest_route=%2Fwp%2Fv2%2Ftags&post=2482"}],"curies":[{"name":"wp","href":"https:\/\/api.w.org\/{rel}","templated":true}]}}