{"id":2476,"date":"2022-11-06T18:58:57","date_gmt":"2022-11-06T18:58:57","guid":{"rendered":"https:\/\/minutaregional.cl\/?p=2476"},"modified":"2022-11-06T18:58:57","modified_gmt":"2022-11-06T18:58:57","slug":"diputado-manouchehri-se-requiere-unidad-para-impulsar-los-cambios-que-las-grandes-mayorias-esperan","status":"publish","type":"post","link":"https:\/\/minutaregional.cl\/?p=2476","title":{"rendered":"Diputado Manouchehri: \u201cSe requiere unidad para impulsar los cambios que las grandes mayor\u00edas esperan\u201d"},"content":{"rendered":"<p style=\"text-align: justify;\"><em>En el contexto del c\u00f3nclave del oficialismo, el diputado socialista indic\u00f3 que se requiere unidad y construir grandes acuerdos nacionales en prioridades ciudadanas, como la seguridad, pensiones y agenda para los endeudados. <\/em><\/p>\n<p style=\"text-align: justify;\">\u201cEl desaf\u00edo de las fuerzas de cambio es conectar con las grandes mayor\u00edas nacionales e impulsar una agenda que se haga cargo de sus sentidas demandas\u201d, se\u00f1al\u00f3 el diputado socialista Daniel Manouchehri, asistente al c\u00f3nclave de las coaliciones oficialistas.<\/p>\n<p style=\"text-align: justify;\">Convocado por el gobierno del Presidente Gabriel Boric, en el Palacio Cerro Castillo de la Regi\u00f3n de Valpara\u00edso se re\u00fanen los l\u00edderes de los partidos, bancadas parlamentarias y autoridades del Ejecutivo. En este contexto, el diputado Manouchehri llam\u00f3 a centrar la agenda del gobierno en los temas de seguridad, pensiones y endeudamiento de los chilenos.<\/p>\n<p style=\"text-align: justify;\">A su vez, el legislador de la Regi\u00f3n de Coquimbo tambi\u00e9n inst\u00f3 a \u201cla unidad de las fuerzas progresistas que apoyamos al gobierno. Unidad para apoyar al gobierno y para afrontar los pr\u00f3ximos procesos eleccionarios. Solo con cohesi\u00f3n el futuro es posible\u201d, indic\u00f3.<\/p>\n<p style=\"text-align: justify;\">\u201cComo desaf\u00edos program\u00e1ticos, es prioritario sacar adelante la reforma de pensiones. El gobierno ha presentado un proyecto serio, que implicar\u00e1 subir significativamente las pensiones de millones de chilenos. La lucha contra el crimen es una de las prioridades de los chilenos, donde los socialistas hemos presentado una serie de iniciativas legales que vienen a reforzar el trabajo que est\u00e1 realizando el gobierno\u201d, destac\u00f3 Manouchehri.<\/p>\n<p style=\"text-align: justify;\">El parlamentario hizo hincapi\u00e9 en desarrollar una agenda que ayude a los millones de endeudados del pa\u00eds, traducida hasta el momento en m\u00faltiples proyectos de ley que est\u00e1n en el Congreso: \u201cChao Dicom\u201d, \u201cDerecho al olvido financiero\u201d y \u201cSalvavidas Pymes\u201d, entre otros.<\/p>\n<p style=\"text-align: justify;\">\u201cSe hace urgente una agenda que vaya en ayuda de los diez millones de chilenos que se encuentran endeudados y los cuatro millones de morosos. Los socialistas hemos presentado una serie de proyectos de ayuda a los endeudados, que cuentan con apoyo transversal en el Congreso\u201d, se\u00f1al\u00f3.<\/p>\n","protected":false},"excerpt":{"rendered":"<p>En el contexto del c\u00f3nclave del oficialismo, el diputado socialista indic\u00f3 que se requiere unidad y construir grandes acuerdos nacionales en prioridades ciudadanas, como la seguridad, pensiones y agenda para los endeudados. \u201cEl desaf\u00edo de las fuerzas de cambio es conectar con las grandes mayor\u00edas nacionales e impulsar una agenda<\/p>\n","protected":false},"author":1,"featured_media":2325,"comment_status":"closed","ping_status":"open","sticky":false,"template":"","format":"standard","meta":{"footnotes":""},"categories":[26],"tags":[],"class_list":["post-2476","post","type-post","status-publish","format-standard","has-post-thumbnail","hentry","category-camara-de-diputadas-y-diputados"],"_links":{"self":[{"href":"https:\/\/minutaregional.cl\/index.php?rest_route=\/wp\/v2\/posts\/2476","targetHints":{"allow":["GET"]}}],"collection":[{"href":"https:\/\/minutaregional.cl\/index.php?rest_route=\/wp\/v2\/posts"}],"about":[{"href":"https:\/\/minutaregional.cl\/index.php?rest_route=\/wp\/v2\/types\/post"}],"author":[{"embeddable":true,"href":"https:\/\/minutaregional.cl\/index.php?rest_route=\/wp\/v2\/users\/1"}],"replies":[{"embeddable":true,"href":"https:\/\/minutaregional.cl\/index.php?rest_route=%2Fwp%2Fv2%2Fcomments&post=2476"}],"version-history":[{"count":1,"href":"https:\/\/minutaregional.cl\/index.php?rest_route=\/wp\/v2\/posts\/2476\/revisions"}],"predecessor-version":[{"id":2478,"href":"https:\/\/minutaregional.cl\/index.php?rest_route=\/wp\/v2\/posts\/2476\/revisions\/2478"}],"wp:featuredmedia":[{"embeddable":true,"href":"https:\/\/minutaregional.cl\/index.php?rest_route=\/wp\/v2\/media\/2325"}],"wp:attachment":[{"href":"https:\/\/minutaregional.cl\/index.php?rest_route=%2Fwp%2Fv2%2Fmedia&parent=2476"}],"wp:term":[{"taxonomy":"category","embeddable":true,"href":"https:\/\/minutaregional.cl\/index.php?rest_route=%2Fwp%2Fv2%2Fcategories&post=2476"},{"taxonomy":"post_tag","embeddable":true,"href":"https:\/\/minutaregional.cl\/index.php?rest_route=%2Fwp%2Fv2%2Ftags&post=2476"}],"curies":[{"name":"wp","href":"https:\/\/api.w.org\/{rel}","templated":true}]}}