{"id":2461,"date":"2022-11-04T20:04:15","date_gmt":"2022-11-04T20:04:15","guid":{"rendered":"https:\/\/minutaregional.cl\/?p=2461"},"modified":"2022-11-04T20:10:02","modified_gmt":"2022-11-04T20:10:02","slug":"avanza-coordinacion-para-rehabilitar-tramo-de-ruta-5-norte","status":"publish","type":"post","link":"https:\/\/minutaregional.cl\/?p=2461","title":{"rendered":"Avanza coordinaci\u00f3n para  rehabilitar tramo de Ruta 5 Norte"},"content":{"rendered":"<ul>\n<li style=\"text-align: justify;\"><em>Trapos y ladrillos han sido algunos de los elementos encontrados en el sistema de alcantarillado.\u00a0 <\/em><\/li>\n<li style=\"text-align: justify;\"><em>La pr\u00f3xima semana, autoridades visar\u00e1n el proyecto de la sanitaria para restablecer la ruta y se acordar\u00e1n los tiempos de ejecuci\u00f3n. <\/em><\/li>\n<\/ul>\n<p style=\"text-align: justify;\"><strong>Coquimbo, 04 de noviembre de 2022.<\/strong> El gerente regional de Aguas del Valle, Andr\u00e9s Nazer, inform\u00f3 que contin\u00faa trabajando junto a las autoridades en las acciones de restablecimiento de zona afectada de la carretera 5 norte. Explic\u00f3, que se trata de obras complejas por la cantidad de agua y acceso al colector que se encuentra a 10 metros bajo tierra.<\/p>\n<p style=\"text-align: justify;\">\u201cNuestros equipos se mantienen en terreno y ya logramos acceder al colector. Trabajamos con la mayor celeridad posible, sin embargo, las faenas son delicadas dado el emplazamiento de la tuber\u00eda. Hemos coordinado con las autoridades, que la pr\u00f3xima semana se revisar\u00e1 el plan para restablecer la v\u00eda y se acordar\u00e1n las obras y tiempos de ejecuci\u00f3n\u201d, detall\u00f3 Nazer.<\/p>\n<p style=\"text-align: justify;\">En paralelo, Aguas del Valle ya est\u00e1 trabajando en un plan para normalizar el funcionamiento del sistema de alcantarillado, con un nuevo proyecto que ser\u00e1 planificado con las autoridades.<\/p>\n<p style=\"text-align: justify;\">Nazer inform\u00f3 del hallazgo de materiales de construcci\u00f3n como ladrillos y pa\u00f1os en la l\u00ednea del colector, que demuestran el uso inadecuado de la red de aguas servidas. Por ello, reiter\u00f3 el llamado a la comunidad al buen uso del sistema de alcantarillado, recordando que est\u00e1 construido s\u00f3lo para transportar las aguas residuales de los hogares y no basuras y otros elementos.<\/p>\n<p style=\"text-align: justify;\">Finalmente, agradeci\u00f3 el apoyo de las autoridades, con las cuales se mantiene coordinaci\u00f3n peri\u00f3dica dado los desv\u00edos de tr\u00e1nsito y la zona intervenida.<\/p>\n<p>&nbsp;<\/p>\n","protected":false},"excerpt":{"rendered":"<p>Trapos y ladrillos han sido algunos de los elementos encontrados en el sistema de alcantarillado.\u00a0 La pr\u00f3xima semana, autoridades visar\u00e1n el proyecto de la sanitaria para restablecer la ruta y se acordar\u00e1n los tiempos de ejecuci\u00f3n. Coquimbo, 04 de noviembre de 2022. El gerente regional de Aguas del Valle, Andr\u00e9s<\/p>\n","protected":false},"author":1,"featured_media":2462,"comment_status":"closed","ping_status":"open","sticky":false,"template":"","format":"standard","meta":{"footnotes":""},"categories":[45],"tags":[],"class_list":["post-2461","post","type-post","status-publish","format-standard","has-post-thumbnail","hentry","category-aguas-del-valle"],"_links":{"self":[{"href":"https:\/\/minutaregional.cl\/index.php?rest_route=\/wp\/v2\/posts\/2461","targetHints":{"allow":["GET"]}}],"collection":[{"href":"https:\/\/minutaregional.cl\/index.php?rest_route=\/wp\/v2\/posts"}],"about":[{"href":"https:\/\/minutaregional.cl\/index.php?rest_route=\/wp\/v2\/types\/post"}],"author":[{"embeddable":true,"href":"https:\/\/minutaregional.cl\/index.php?rest_route=\/wp\/v2\/users\/1"}],"replies":[{"embeddable":true,"href":"https:\/\/minutaregional.cl\/index.php?rest_route=%2Fwp%2Fv2%2Fcomments&post=2461"}],"version-history":[{"count":1,"href":"https:\/\/minutaregional.cl\/index.php?rest_route=\/wp\/v2\/posts\/2461\/revisions"}],"predecessor-version":[{"id":2463,"href":"https:\/\/minutaregional.cl\/index.php?rest_route=\/wp\/v2\/posts\/2461\/revisions\/2463"}],"wp:featuredmedia":[{"embeddable":true,"href":"https:\/\/minutaregional.cl\/index.php?rest_route=\/wp\/v2\/media\/2462"}],"wp:attachment":[{"href":"https:\/\/minutaregional.cl\/index.php?rest_route=%2Fwp%2Fv2%2Fmedia&parent=2461"}],"wp:term":[{"taxonomy":"category","embeddable":true,"href":"https:\/\/minutaregional.cl\/index.php?rest_route=%2Fwp%2Fv2%2Fcategories&post=2461"},{"taxonomy":"post_tag","embeddable":true,"href":"https:\/\/minutaregional.cl\/index.php?rest_route=%2Fwp%2Fv2%2Ftags&post=2461"}],"curies":[{"name":"wp","href":"https:\/\/api.w.org\/{rel}","templated":true}]}}