{"id":2448,"date":"2022-11-03T17:07:17","date_gmt":"2022-11-03T17:07:17","guid":{"rendered":"https:\/\/minutaregional.cl\/?p=2448"},"modified":"2022-11-03T17:07:17","modified_gmt":"2022-11-03T17:07:17","slug":"diputado-manouchehri-el-modelo-de-las-afp-debe-llegar-a-su-fin","status":"publish","type":"post","link":"https:\/\/minutaregional.cl\/?p=2448","title":{"rendered":"Diputado Manouchehri: \u00abEl modelo de las AFP debe llegar a su fin\u00bb"},"content":{"rendered":"<p style=\"text-align: justify;\">El diputado socialista Daniel Manouchehri, presidente de la Comisi\u00f3n de Econom\u00eda de la C\u00e1mara de Diputados, valor\u00f3 el ingreso de la Reforma Previsional al Congreso Nacional, anunciado por el Presidente Gabriel Boric en cadena nacional. <strong>El legislador indic\u00f3 que \u201cesta es una reforma seria, que sube las pensiones y se hace cargo de los sentires ciudadanos\u201d.<\/strong><\/p>\n<p style=\"text-align: justify;\">\u201cLa reforma implica un alza autom\u00e1tica en las pensiones de millones de chilenos. Algo que es urgente. Mantiene y consagra el ahorro individual y la propiedad sobre ese ahorro, e introduce un factor de solidaridad, en un 6% pagado por la empresa. Esta es una reforma seria, que sube las pensiones y se hace cargo de los sentires ciudadanos\u201d, indic\u00f3 el diputado de la Regi\u00f3n de Coquimbo.<\/p>\n<p style=\"text-align: justify;\">Junto con respaldar el anuncio del gobierno, Manouchehri enfatiz\u00f3 su desaprobaci\u00f3n al actual sistema de Aseguradoras de Fondos Previsionales. \u201c<strong>El sistema de AFP ha condenado a la miseria a millones de adultos mayores<\/strong>. Esta reforma es contraria a los intereses de las AFP y favorable para la gente.\u00a0<strong>El modelo de AFP debe llegar a su fin y ser reemplazado por un sistema mixto<\/strong>, como el de esta reforma\u201d, recalc\u00f3.<\/p>\n<p style=\"text-align: justify;\">El legislador PS agreg\u00f3 que \u201cesta reforma es un punto medio entre dos modelos, <strong>es una reforma necesaria para el bienestar de millones de personas<\/strong>. Los ministros que han trabajado en ella son gente seria. El ministro Mario Marcel y la ministra Jeannette\u00a0Jara dan garant\u00edas de conducir bien este debate\u201d, a\u00f1adi\u00f3 Manouchehri.<\/p>\n<div style=\"width: 800px;\" class=\"wp-video\"><video class=\"wp-video-shortcode\" id=\"video-2448-1\" width=\"800\" height=\"450\" preload=\"metadata\" controls=\"controls\"><source type=\"video\/mp4\" src=\"https:\/\/minutaregional.cl\/wp-content\/uploads\/2022\/11\/Video-D-Manouchehri-Respalda-Reforma-Previsional-Nov22-LOW.m4v?_=1\" \/><a href=\"https:\/\/minutaregional.cl\/wp-content\/uploads\/2022\/11\/Video-D-Manouchehri-Respalda-Reforma-Previsional-Nov22-LOW.m4v\">https:\/\/minutaregional.cl\/wp-content\/uploads\/2022\/11\/Video-D-Manouchehri-Respalda-Reforma-Previsional-Nov22-LOW.m4v<\/a><\/video><\/div>\n","protected":false},"excerpt":{"rendered":"<p>El diputado socialista Daniel Manouchehri, presidente de la Comisi\u00f3n de Econom\u00eda de la C\u00e1mara de Diputados, valor\u00f3 el ingreso de la Reforma Previsional al Congreso Nacional, anunciado por el Presidente Gabriel Boric en cadena nacional. El legislador indic\u00f3 que \u201cesta es una reforma seria, que sube las pensiones y se<\/p>\n","protected":false},"author":1,"featured_media":2450,"comment_status":"closed","ping_status":"open","sticky":false,"template":"","format":"standard","meta":{"footnotes":""},"categories":[26,1],"tags":[],"class_list":["post-2448","post","type-post","status-publish","format-standard","has-post-thumbnail","hentry","category-camara-de-diputadas-y-diputados","category-noticias-regionales"],"_links":{"self":[{"href":"https:\/\/minutaregional.cl\/index.php?rest_route=\/wp\/v2\/posts\/2448","targetHints":{"allow":["GET"]}}],"collection":[{"href":"https:\/\/minutaregional.cl\/index.php?rest_route=\/wp\/v2\/posts"}],"about":[{"href":"https:\/\/minutaregional.cl\/index.php?rest_route=\/wp\/v2\/types\/post"}],"author":[{"embeddable":true,"href":"https:\/\/minutaregional.cl\/index.php?rest_route=\/wp\/v2\/users\/1"}],"replies":[{"embeddable":true,"href":"https:\/\/minutaregional.cl\/index.php?rest_route=%2Fwp%2Fv2%2Fcomments&post=2448"}],"version-history":[{"count":1,"href":"https:\/\/minutaregional.cl\/index.php?rest_route=\/wp\/v2\/posts\/2448\/revisions"}],"predecessor-version":[{"id":2451,"href":"https:\/\/minutaregional.cl\/index.php?rest_route=\/wp\/v2\/posts\/2448\/revisions\/2451"}],"wp:featuredmedia":[{"embeddable":true,"href":"https:\/\/minutaregional.cl\/index.php?rest_route=\/wp\/v2\/media\/2450"}],"wp:attachment":[{"href":"https:\/\/minutaregional.cl\/index.php?rest_route=%2Fwp%2Fv2%2Fmedia&parent=2448"}],"wp:term":[{"taxonomy":"category","embeddable":true,"href":"https:\/\/minutaregional.cl\/index.php?rest_route=%2Fwp%2Fv2%2Fcategories&post=2448"},{"taxonomy":"post_tag","embeddable":true,"href":"https:\/\/minutaregional.cl\/index.php?rest_route=%2Fwp%2Fv2%2Ftags&post=2448"}],"curies":[{"name":"wp","href":"https:\/\/api.w.org\/{rel}","templated":true}]}}