{"id":2445,"date":"2022-11-03T02:40:30","date_gmt":"2022-11-03T02:40:30","guid":{"rendered":"https:\/\/minutaregional.cl\/?p=2445"},"modified":"2022-11-03T02:40:30","modified_gmt":"2022-11-03T02:40:30","slug":"aprueban-suplento-adicional-anhelado-proyecto-de-reposicion-de-escuela-de-canela-alta","status":"publish","type":"post","link":"https:\/\/minutaregional.cl\/?p=2445","title":{"rendered":"APRUEBAN SUPLENTO ADICIONAL ANHELADO PROYECTO DE REPOSICI\u00d3N DE ESCUELA DE CANELA ALTA"},"content":{"rendered":"<p style=\"text-align: justify;\"><strong>Cerca de 4 mil millones de pesos, considera el suplemento econ\u00f3mico adicional esta iniciativa para la construcci\u00f3n de un moderno edificio de m\u00e1s de 5.800 m2 de superficie.<\/strong><\/p>\n<p style=\"text-align: justify;\">Con unanimidad en comisi\u00f3n de presupuesto y posterior sesi\u00f3n extraordinario del Core presidido por la gobernadora regional Krist Naranjo aprobaron la cifra cercana a los 4 mil millones de pesos de suplemento para poder adjudicar el proyecto de reposici\u00f3n de escuela Canela Alta.<\/p>\n<p style=\"text-align: justify;\">Este anhelado proyecto, busca entregar una moderna infraestructura para la comunidad educativa de esta comuna del Choapa, cuya escuela sufri\u00f3 serios da\u00f1os durante el terremoto del a\u00f1o 2015, lo que impide el normal uso de la actual estructura, siendo containers modulares los lugares destinos a la actividad educativa.<\/p>\n<p style=\"text-align: justify;\">Bernardo Leyton alcalde de Canela manifest\u00f3 lo siguiente \u201cQuiero agradecer a la gobernadora, a las consejeras y consejeros regionales, a nuestros equipos t\u00e9cnico del ministerio de obras p\u00fablicas, de la direcci\u00f3n de arquitectura, su director, sus equipos t\u00e9cnicos, a los t\u00e9cnicos de la municipalidad, al ministerio de desarrollo social tambi\u00e9n por todo el trabajo que han tenido durante la reevaluaci\u00f3n del proyecto y por supuesto a los profesionales del gobierno regional que han trabajado en conjunto para finalmente lograr la revaluaci\u00f3n, lograr el RATE-RS por este nuevo monto y ya estamos hablando de un proyecto de casi 14 mil millones de pesos. Para la comuna de Canela consideramos que es una inversi\u00f3n muy relevante y por lo tanto consideramos que en estos tiempos dif\u00edciles donde los costos de todas las inversiones p\u00fablicas han subido y que tengamos respuesta r\u00e1pida de nuestros equipos t\u00e9cnicos y del consejo regional es una muy buena noticia porque se acerca la ejecuci\u00f3n del proyecto de reposici\u00f3n de la colecci\u00f3n el alta da\u00f1ada por el terremoto del a\u00f1o 2015.\u201d<\/p>\n<p style=\"text-align: justify;\">La iniciativa considera un nuevo un edificio de 5.889 m2 de superficie, el que contar\u00e1 con modernas salas de clases, multitaller, \u00e1rea de dormitorios, accesibilidad universal, nuevos servicios higi\u00e9nicos, auditorio, comedor, oficinas, sala de profesores, laboratorios, hall de acceso, jardines, multicancha, camarines, duchas, sala de lavado de ropa, bodegas, entre otras caracter\u00edsticas.<\/p>\n<p style=\"text-align: justify;\">La iniciativa financiada con fondos del Gobierno Regional consideraba una inversi\u00f3n de 9 mil 996 millones de pesos inicialmente y hoy esta cifra se logra incrementar un 40% y est\u00e1 mandatada a la Direcci\u00f3n de Arquitectura del Ministerio de Obras P\u00fablicas para su ejecuci\u00f3n. Se proyecta que durante la construcci\u00f3n de las obras se puedan generar puestos de trabajo, aportando a la reactivaci\u00f3n econ\u00f3mica de la zona.<\/p>\n","protected":false},"excerpt":{"rendered":"<p>Cerca de 4 mil millones de pesos, considera el suplemento econ\u00f3mico adicional esta iniciativa para la construcci\u00f3n de un moderno edificio de m\u00e1s de 5.800 m2 de superficie. Con unanimidad en comisi\u00f3n de presupuesto y posterior sesi\u00f3n extraordinario del Core presidido por la gobernadora regional Krist Naranjo aprobaron la cifra<\/p>\n","protected":false},"author":1,"featured_media":2446,"comment_status":"closed","ping_status":"open","sticky":false,"template":"","format":"standard","meta":{"footnotes":""},"categories":[21,1],"tags":[],"class_list":["post-2445","post","type-post","status-publish","format-standard","has-post-thumbnail","hentry","category-municipalidades","category-noticias-regionales"],"_links":{"self":[{"href":"https:\/\/minutaregional.cl\/index.php?rest_route=\/wp\/v2\/posts\/2445","targetHints":{"allow":["GET"]}}],"collection":[{"href":"https:\/\/minutaregional.cl\/index.php?rest_route=\/wp\/v2\/posts"}],"about":[{"href":"https:\/\/minutaregional.cl\/index.php?rest_route=\/wp\/v2\/types\/post"}],"author":[{"embeddable":true,"href":"https:\/\/minutaregional.cl\/index.php?rest_route=\/wp\/v2\/users\/1"}],"replies":[{"embeddable":true,"href":"https:\/\/minutaregional.cl\/index.php?rest_route=%2Fwp%2Fv2%2Fcomments&post=2445"}],"version-history":[{"count":1,"href":"https:\/\/minutaregional.cl\/index.php?rest_route=\/wp\/v2\/posts\/2445\/revisions"}],"predecessor-version":[{"id":2447,"href":"https:\/\/minutaregional.cl\/index.php?rest_route=\/wp\/v2\/posts\/2445\/revisions\/2447"}],"wp:featuredmedia":[{"embeddable":true,"href":"https:\/\/minutaregional.cl\/index.php?rest_route=\/wp\/v2\/media\/2446"}],"wp:attachment":[{"href":"https:\/\/minutaregional.cl\/index.php?rest_route=%2Fwp%2Fv2%2Fmedia&parent=2445"}],"wp:term":[{"taxonomy":"category","embeddable":true,"href":"https:\/\/minutaregional.cl\/index.php?rest_route=%2Fwp%2Fv2%2Fcategories&post=2445"},{"taxonomy":"post_tag","embeddable":true,"href":"https:\/\/minutaregional.cl\/index.php?rest_route=%2Fwp%2Fv2%2Ftags&post=2445"}],"curies":[{"name":"wp","href":"https:\/\/api.w.org\/{rel}","templated":true}]}}