{"id":2425,"date":"2022-10-28T16:04:45","date_gmt":"2022-10-28T16:04:45","guid":{"rendered":"https:\/\/minutaregional.cl\/?p=2425"},"modified":"2022-10-28T16:05:33","modified_gmt":"2022-10-28T16:05:33","slug":"mas-de-28-mil-personas-mayores-de-80-anos-se-podran-inmunizar-con-la-vacunacion-anual-de-covid-19","status":"publish","type":"post","link":"https:\/\/minutaregional.cl\/?p=2425","title":{"rendered":"M\u00e1s de 28 mil personas mayores de 80 a\u00f1os se podr\u00e1n inmunizar con la vacunaci\u00f3n Anual de COVID-19"},"content":{"rendered":"<audio class=\"wp-audio-shortcode\" id=\"audio-2425-1\" preload=\"none\" style=\"width: 100%;\" controls=\"controls\"><source type=\"audio\/mpeg\" src=\"https:\/\/minutaregional.cl\/wp-content\/uploads\/2022\/10\/Cuna-Seremi-de-Salud_Vacunacion80-mp3cut.net_.mp3?_=1\" \/><a href=\"https:\/\/minutaregional.cl\/wp-content\/uploads\/2022\/10\/Cuna-Seremi-de-Salud_Vacunacion80-mp3cut.net_.mp3\">https:\/\/minutaregional.cl\/wp-content\/uploads\/2022\/10\/Cuna-Seremi-de-Salud_Vacunacion80-mp3cut.net_.mp3<\/a><\/audio>\n<p>AUDIO : \u00a0Seremi de Salud_Vacunaci\u00f3n+80<\/p>\n<audio class=\"wp-audio-shortcode\" id=\"audio-2425-2\" preload=\"none\" style=\"width: 100%;\" controls=\"controls\"><source type=\"audio\/mpeg\" src=\"https:\/\/minutaregional.cl\/wp-content\/uploads\/2022\/10\/Cuna-Eduardo-Lara_Vacunacion80-mp3cut.net_.mp3?_=2\" \/><a href=\"https:\/\/minutaregional.cl\/wp-content\/uploads\/2022\/10\/Cuna-Eduardo-Lara_Vacunacion80-mp3cut.net_.mp3\">https:\/\/minutaregional.cl\/wp-content\/uploads\/2022\/10\/Cuna-Eduardo-Lara_Vacunacion80-mp3cut.net_.mp3<\/a><\/audio>\n<p>AUDIO : \u00a0Eduardo Lara_Vacunaci\u00f3n+80<\/p>\n<p style=\"text-align: justify;\"><em>El calendario de vacunaci\u00f3n convoca esta semana a las personas que hayan completado su esquema primario hasta el 03 de julio de este a\u00f1o, y en el caso de quienes tienen refuerzos que los hayan recibido hasta el 08 de mayo 2022.<\/em><\/p>\n<p style=\"text-align: justify;\">Hoy se dio inicio en la regi\u00f3n de Coquimbo, el proceso de inoculaci\u00f3n con vacuna bivalente para las personas mayores de 80 a\u00f1os. Por ello, la Seremi de Salud, Paola Salas, junto al Director regional de SENAMA Eduardo Lara, llegaron hasta el Centro Comunitario de 4 esquinas para reforzar esta importante estrategia.<\/p>\n<p style=\"text-align: justify;\">\u201cEstamos muy contentos con iniciar la vacunaci\u00f3n de coronavirus en personas mayores que ha demostrado ser la m\u00e1s eficaz en todo el mundo, y en el pa\u00eds tambi\u00e9n. Debemos administrar las dosis de refuerzo, porque su sistema inmune a medida que avanza la edad se va tambi\u00e9n tornando no tan eficiente\u201d se\u00f1al\u00f3 la Seremi de Salud Paola Salas.<\/p>\n<p style=\"text-align: justify;\">La autoridad sanitaria regional tambi\u00e9n record\u00f3 que \u201cEsta vacuna bivariante tiene el primer virus que se gener\u00f3 y la variante \u00d3micron por lo cual, la protecci\u00f3n es muy amplia\u201d.<\/p>\n<p style=\"text-align: justify;\">Por su parte, Eduardo Lara, Director Regional de SENAMA, agreg\u00f3 \u201cEstamos cumpliendo el mandato de nuestro Presidente Gabriel Boric, con un compromiso con las personas mayores, que en nuestro pa\u00eds sean sujetos de derecho\u201d.<\/p>\n<p style=\"text-align: justify;\">En tanto, Francisco Fredes, Subdirector del CESFAM Cardenal Caro reforz\u00f3 el mensaje para la comunidad \u201cQuiero dejar la invitaci\u00f3n a toda la poblaci\u00f3n adulta mayor, est\u00e1 todo habilitado para que puedan realizar su proceso de vacunaci\u00f3n de manera c\u00f3moda para que puedan estar tranquilos y realizar el proceso de manera grata y oportuna\u201d. Sostuvo.<\/p>\n<p style=\"text-align: justify;\"><strong>\u201cLas vacunas salvan vidas\u201d<\/strong><\/p>\n<p style=\"text-align: justify;\">Gladys Moreno, presidenta del Consejo Asesor de la Seremi de Salud y representante de los adultos mayores de la regi\u00f3n, destac\u00f3 el proceso de vacunaci\u00f3n y se\u00f1al\u00f3 \u201cLas vacunas salvan vidas y nos hacen vivir mejor. Esta es la \u00faltima que nos van a poner este a\u00f1o, y debemos protegernos. Los insto a todos los adultos mayores a vacunarse\u201d. se\u00f1al\u00f3.<\/p>\n<p>&nbsp;<\/p>\n<p>&nbsp;<\/p>\n<p>&nbsp;<\/p>\n<p>&nbsp;<\/p>\n","protected":false},"excerpt":{"rendered":"<p>AUDIO : \u00a0Seremi de Salud_Vacunaci\u00f3n+80 AUDIO : \u00a0Eduardo Lara_Vacunaci\u00f3n+80 El calendario de vacunaci\u00f3n convoca esta semana a las personas que hayan completado su esquema primario hasta el 03 de julio de este a\u00f1o, y en el caso de quienes tienen refuerzos que los hayan recibido hasta el 08 de mayo<\/p>\n","protected":false},"author":1,"featured_media":2429,"comment_status":"closed","ping_status":"open","sticky":false,"template":"","format":"standard","meta":{"footnotes":""},"categories":[51,1],"tags":[],"class_list":["post-2425","post","type-post","status-publish","format-standard","has-post-thumbnail","hentry","category-seremisalud_coquimbo","category-noticias-regionales"],"_links":{"self":[{"href":"https:\/\/minutaregional.cl\/index.php?rest_route=\/wp\/v2\/posts\/2425","targetHints":{"allow":["GET"]}}],"collection":[{"href":"https:\/\/minutaregional.cl\/index.php?rest_route=\/wp\/v2\/posts"}],"about":[{"href":"https:\/\/minutaregional.cl\/index.php?rest_route=\/wp\/v2\/types\/post"}],"author":[{"embeddable":true,"href":"https:\/\/minutaregional.cl\/index.php?rest_route=\/wp\/v2\/users\/1"}],"replies":[{"embeddable":true,"href":"https:\/\/minutaregional.cl\/index.php?rest_route=%2Fwp%2Fv2%2Fcomments&post=2425"}],"version-history":[{"count":1,"href":"https:\/\/minutaregional.cl\/index.php?rest_route=\/wp\/v2\/posts\/2425\/revisions"}],"predecessor-version":[{"id":2428,"href":"https:\/\/minutaregional.cl\/index.php?rest_route=\/wp\/v2\/posts\/2425\/revisions\/2428"}],"wp:featuredmedia":[{"embeddable":true,"href":"https:\/\/minutaregional.cl\/index.php?rest_route=\/wp\/v2\/media\/2429"}],"wp:attachment":[{"href":"https:\/\/minutaregional.cl\/index.php?rest_route=%2Fwp%2Fv2%2Fmedia&parent=2425"}],"wp:term":[{"taxonomy":"category","embeddable":true,"href":"https:\/\/minutaregional.cl\/index.php?rest_route=%2Fwp%2Fv2%2Fcategories&post=2425"},{"taxonomy":"post_tag","embeddable":true,"href":"https:\/\/minutaregional.cl\/index.php?rest_route=%2Fwp%2Fv2%2Ftags&post=2425"}],"curies":[{"name":"wp","href":"https:\/\/api.w.org\/{rel}","templated":true}]}}