{"id":2418,"date":"2022-10-28T15:46:47","date_gmt":"2022-10-28T15:46:47","guid":{"rendered":"https:\/\/minutaregional.cl\/?p=2418"},"modified":"2022-10-28T15:48:21","modified_gmt":"2022-10-28T15:48:21","slug":"54-familias-de-la-serena-celebraron-sus-esperados-titulos-de-domino","status":"publish","type":"post","link":"https:\/\/minutaregional.cl\/?p=2418","title":{"rendered":"54 Familias de La Serena celebraron sus esperados T\u00edtulos de Domino"},"content":{"rendered":"<audio class=\"wp-audio-shortcode\" id=\"audio-2418-1\" preload=\"none\" style=\"width: 100%;\" controls=\"controls\"><source type=\"audio\/mpeg\" src=\"https:\/\/minutaregional.cl\/wp-content\/uploads\/2022\/10\/Gobernadora-Regional-Krist-Naranjo.mp3?_=1\" \/><a href=\"https:\/\/minutaregional.cl\/wp-content\/uploads\/2022\/10\/Gobernadora-Regional-Krist-Naranjo.mp3\">https:\/\/minutaregional.cl\/wp-content\/uploads\/2022\/10\/Gobernadora-Regional-Krist-Naranjo.mp3<\/a><\/audio>\n<p>AUDIO : Gobernadora Regional Krist Naranjo<\/p>\n<audio class=\"wp-audio-shortcode\" id=\"audio-2418-2\" preload=\"none\" style=\"width: 100%;\" controls=\"controls\"><source type=\"audio\/mpeg\" src=\"https:\/\/minutaregional.cl\/wp-content\/uploads\/2022\/10\/Seremi-BBNN-Marcelo-Salazar.mp3?_=2\" \/><a href=\"https:\/\/minutaregional.cl\/wp-content\/uploads\/2022\/10\/Seremi-BBNN-Marcelo-Salazar.mp3\">https:\/\/minutaregional.cl\/wp-content\/uploads\/2022\/10\/Seremi-BBNN-Marcelo-Salazar.mp3<\/a><\/audio>\n<p>AUDIO : Seremi BBNN Marcelo Salazar<\/p>\n<p style=\"text-align: justify;\"><em>La entrega del documento les permitir\u00e1 a los beneficiados y beneficiadas acceder a diversos subsidios que ofrecen el Gobierno y los municipios.<\/em><\/p>\n<p style=\"text-align: justify;\"><em>\u00a0<\/em>La terraza del Gobierno Regional de Coquimbo, fue el escenario de una emotiva ceremonia, donde 54 familias La Serena recibieron de parte de la Gobernadora Krist Naranjo y el Seremi de Bienes Nacionales Marcelo Salazar, sus anhelados t\u00edtulos de dominio, documento que la acredita como due\u00f1as legales de sus propiedades.<\/p>\n<p style=\"text-align: justify;\">Las beneficiadas y beneficiados se encuentran organizados a trav\u00e9s de las Juntas de Vecinos y pertenecen a los diferentes sectores de la comuna tales como,\u00a0 Pelicana, El Romero, Vegas Norte, Gabriela Mistral, Bellavista, Coquimbito, El Rosario y las Compa\u00f1\u00edas Alta.<\/p>\n<p style=\"text-align: justify;\">Es importante destacar que 20 t\u00edtulos de dominio fueron financiados con fondos del Gobierno Regional de Coquimbo.<\/p>\n<p style=\"text-align: justify;\">En ese sentido, la Gobernadora Krist Naranjo valor\u00f3 la entrega de estos t\u00edtulos de dominio y se\u00f1al\u00f3 que \u201cestamos muy contentos que en el d\u00eda de hoy se haya celebrado esta ceremonia, sabemos que para las familias de nuestra regi\u00f3n es una etapa muy esperada, poder tener su propiedad regularizada, para que ellos puedan crecer y nosotros tambi\u00e9n poder implementar proyectos que son necesario para poder mejorar la calidad de vida de nuestra gente de la regi\u00f3n de Coquimbo. Estamos felices que estos hombres y mujeres que hoy reciben su t\u00edtulo, ya puedan proceder a vivir un poco m\u00e1s tranquilos\u201d.<\/p>\n<p style=\"text-align: justify;\">Es importante se\u00f1alar que el t\u00edtulo de dominio regularizado por una mujer, queda separado de los bienes del esposo, aunque se est\u00e9 casada bajo sociedad conyugal, esto como una manera de proteger a la mujer y sus hijos.<\/p>\n<p style=\"text-align: justify;\">\u201cEste es el compromiso del Gobierno del Presidente Boric y la Ministra Javiera Toro, de seguir esforz\u00e1ndonos en desarrollar la calidad de vida de los vecinos y las vecinas, a trav\u00e9s de este Programa de Regularizaci\u00f3n de la peque\u00f1a propiedad ra\u00edz. Claramente es un honor estar en esta etapa final, en la entrega de estos T\u00edtulos sobre todo a mujeres jefa de hogar, mujeres esforzadas y que este T\u00edtulo les va a pertenecer a ellas y a sus hijos.\u201d, explic\u00f3 el Seremi de Bienes Nacionales Marcelo Salazar.<\/p>\n<p style=\"text-align: justify;\">Por su parte, Mar\u00eda Carolina Barrera, del sector Vegas Norte manifest\u00f3 su alegr\u00eda por recibir su t\u00edtulo de dominio que la acredita como due\u00f1a de propiedad. \u201cMuy contenta, despu\u00e9s de tantos tr\u00e1mites, documentaci\u00f3n, pagos, un mont\u00f3n de documentos que hay que tener. Contenta de que por fin voy a tener los T\u00edtulos de Dominio de mis dos terrenos y feliz por toda la familia tambi\u00e9n, que hizo el tr\u00e1mite para regularizar. Felices de cumplir el objetivo final que era este\u201d.<\/p>\n<p style=\"text-align: justify;\">Finalmente el don Ricardo Illanes de la localidad de El Romero, indic\u00f3 que \u00a0\u201cEstoy muy contentos porque fueron 7 a\u00f1os de harto tr\u00e1mite, harto papeleo, hasta que por fin lo logramos. Como dijo el Seremi, fue bastante la lucha, de dormir intranquilo porque el terreno no era nuestro y ahora por fin se logr\u00f3\u201d.<\/p>\n","protected":false},"excerpt":{"rendered":"<p>AUDIO : Gobernadora Regional Krist Naranjo AUDIO : Seremi BBNN Marcelo Salazar La entrega del documento les permitir\u00e1 a los beneficiados y beneficiadas acceder a diversos subsidios que ofrecen el Gobierno y los municipios. \u00a0La terraza del Gobierno Regional de Coquimbo, fue el escenario de una emotiva ceremonia, donde 54<\/p>\n","protected":false},"author":1,"featured_media":2419,"comment_status":"closed","ping_status":"open","sticky":false,"template":"","format":"standard","meta":{"footnotes":""},"categories":[48],"tags":[],"class_list":["post-2418","post","type-post","status-publish","format-standard","has-post-thumbnail","hentry","category-seremi-bines-nacionales"],"_links":{"self":[{"href":"https:\/\/minutaregional.cl\/index.php?rest_route=\/wp\/v2\/posts\/2418","targetHints":{"allow":["GET"]}}],"collection":[{"href":"https:\/\/minutaregional.cl\/index.php?rest_route=\/wp\/v2\/posts"}],"about":[{"href":"https:\/\/minutaregional.cl\/index.php?rest_route=\/wp\/v2\/types\/post"}],"author":[{"embeddable":true,"href":"https:\/\/minutaregional.cl\/index.php?rest_route=\/wp\/v2\/users\/1"}],"replies":[{"embeddable":true,"href":"https:\/\/minutaregional.cl\/index.php?rest_route=%2Fwp%2Fv2%2Fcomments&post=2418"}],"version-history":[{"count":3,"href":"https:\/\/minutaregional.cl\/index.php?rest_route=\/wp\/v2\/posts\/2418\/revisions"}],"predecessor-version":[{"id":2424,"href":"https:\/\/minutaregional.cl\/index.php?rest_route=\/wp\/v2\/posts\/2418\/revisions\/2424"}],"wp:featuredmedia":[{"embeddable":true,"href":"https:\/\/minutaregional.cl\/index.php?rest_route=\/wp\/v2\/media\/2419"}],"wp:attachment":[{"href":"https:\/\/minutaregional.cl\/index.php?rest_route=%2Fwp%2Fv2%2Fmedia&parent=2418"}],"wp:term":[{"taxonomy":"category","embeddable":true,"href":"https:\/\/minutaregional.cl\/index.php?rest_route=%2Fwp%2Fv2%2Fcategories&post=2418"},{"taxonomy":"post_tag","embeddable":true,"href":"https:\/\/minutaregional.cl\/index.php?rest_route=%2Fwp%2Fv2%2Ftags&post=2418"}],"curies":[{"name":"wp","href":"https:\/\/api.w.org\/{rel}","templated":true}]}}