{"id":2412,"date":"2022-10-28T15:36:35","date_gmt":"2022-10-28T15:36:35","guid":{"rendered":"https:\/\/minutaregional.cl\/?p=2412"},"modified":"2022-10-28T15:41:02","modified_gmt":"2022-10-28T15:41:02","slug":"artesania-musica-y-gastronomia-encuentro-de-cultores-indigenas-del-norte-de-chile-se-realizara-en-la-region-de-coquimbo","status":"publish","type":"post","link":"https:\/\/minutaregional.cl\/?p=2412","title":{"rendered":"Artesan\u00eda, m\u00fasica y gastronom\u00eda: Encuentro de Cultores Ind\u00edgenas del norte de Chile se realizar\u00e1 en la Regi\u00f3n de Coquimbo"},"content":{"rendered":"<audio class=\"wp-audio-shortcode\" id=\"audio-2412-1\" preload=\"none\" style=\"width: 100%;\" controls=\"controls\"><source type=\"audio\/mpeg\" src=\"https:\/\/minutaregional.cl\/wp-content\/uploads\/2022\/10\/Cuna-Cedric-Steinlen-seremi-de-las-Culturas-1.mp3?_=1\" \/><a href=\"https:\/\/minutaregional.cl\/wp-content\/uploads\/2022\/10\/Cuna-Cedric-Steinlen-seremi-de-las-Culturas-1.mp3\">https:\/\/minutaregional.cl\/wp-content\/uploads\/2022\/10\/Cuna-Cedric-Steinlen-seremi-de-las-Culturas-1.mp3<\/a><\/audio>\n<p>AUDIO : \u00a0Cedric Steinlen &#8211; Seremi de las Culturas<\/p>\n<p style=\"text-align: justify;\"><strong>La actividad contar\u00e1 con la participaci\u00f3n de cerca de 70 artesanos y cultores de las regiones de Arica y Parinacota, Tarapac\u00e1, Antofagasta, Atacama y Coquimbo, quienes exhibir\u00e1n sus trabajos este s\u00e1bado 29 en la Avenida del Mar de La Serena. <\/strong><\/p>\n<p style=\"text-align: justify;\">Relevar y difundir la sabidur\u00eda ancestral de los pueblos originarios del norte de Chile expresada en sus tradiciones y sus expresiones art\u00edsticas, es el objetivo principal del XV Encuentro Zonal Norte de Cultores Ind\u00edgenas 2022, actividad organizada por el Ministerio de las Culturas, las Artes y el Patrimonio, que tendr\u00e1 lugar en la Regi\u00f3n de Coquimbo este viernes 28 y s\u00e1bado 29 de octubre.<\/p>\n<p style=\"text-align: justify;\">La cita contar\u00e1 con la participaci\u00f3n de cerca de 70 artesanas, artesanos, cultores y cultoras ind\u00edgenas, pertenecientes a toda la macrozona norte del pa\u00eds, territorio que comprende las regiones de Arica Y Parinacota, Tarapac\u00e1, Antofagasta, Atacama y Coquimbo. All\u00ed, los y las agentes culturales intercambiar\u00e1n en comunidad sus conocimientos, artes y t\u00e9cnicas, como una manera de fortalecer su legado cultural y sus redes.<\/p>\n<p style=\"text-align: justify;\">Cedric Steinlen, seremi de las Culturas de la Regi\u00f3n de Coquimbo, se\u00f1alo que \u201cpara nuestra regi\u00f3n es un tremendo orgullo ser anfitriones de este importante espacio de encuentro y v\u00ednculo para la diversidad de pueblos originarios que habitan en todo el norte del pa\u00eds. Tenemos por delante una gran oportunidad para fortalecer, a trav\u00e9s del di\u00e1logo y el intercambio cultural, el reconocimiento a nuestros ancestros, ra\u00edces e identidad nortina, poniendo en valor y haciendo visible la rica y variada cantidad de expresiones, saberes y costumbres que nos definen como territorio\u201d.<\/p>\n<p style=\"text-align: justify;\">Durante la primera jornada las y los participantes sostendr\u00e1n un encuentro interno con diversas exposiciones a cargo de las delegaciones asistentes, en las que destacan tem\u00e1ticas sobre libros, documentales, muestras gastron\u00f3micas y una charla sobre la futura Ley de Artesan\u00eda, entre otros.<\/p>\n<p style=\"text-align: justify;\">En la jornada sabatina se realizar\u00e1 una muestra multicultural en la Avenida del Mar de la Serena, donde se exhibir\u00e1n productos de textiler\u00eda andina, artesan\u00edas, medicina ancestral, presentaciones musicales y venta de comidas t\u00edpicas. Esta feria estar\u00e1 en funcionamiento desde las 12:00 hasta las 21:00 horas.<\/p>\n<p style=\"text-align: justify;\">A trav\u00e9s del XV Encuentro Zonal Norte de Cultores Ind\u00edgenas 2022, el Ministerio de las Culturas, las Artes y el Patrimonio busca establecer el reconocimiento y respeto a la pluriculturalidad preexistente en Chile, protegiendo y promoviendo el patrimonio cultural, las expresiones art\u00edsticas y culturales de los pueblos originarios y comunidades afrodescendientes del pa\u00eds.<\/p>\n","protected":false},"excerpt":{"rendered":"<p>AUDIO : \u00a0Cedric Steinlen &#8211; Seremi de las Culturas La actividad contar\u00e1 con la participaci\u00f3n de cerca de 70 artesanos y cultores de las regiones de Arica y Parinacota, Tarapac\u00e1, Antofagasta, Atacama y Coquimbo, quienes exhibir\u00e1n sus trabajos este s\u00e1bado 29 en la Avenida del Mar de La Serena. Relevar<\/p>\n","protected":false},"author":1,"featured_media":2413,"comment_status":"closed","ping_status":"open","sticky":false,"template":"","format":"standard","meta":{"footnotes":""},"categories":[16],"tags":[],"class_list":["post-2412","post","type-post","status-publish","format-standard","has-post-thumbnail","hentry","category-seremi-de-cultura"],"_links":{"self":[{"href":"https:\/\/minutaregional.cl\/index.php?rest_route=\/wp\/v2\/posts\/2412","targetHints":{"allow":["GET"]}}],"collection":[{"href":"https:\/\/minutaregional.cl\/index.php?rest_route=\/wp\/v2\/posts"}],"about":[{"href":"https:\/\/minutaregional.cl\/index.php?rest_route=\/wp\/v2\/types\/post"}],"author":[{"embeddable":true,"href":"https:\/\/minutaregional.cl\/index.php?rest_route=\/wp\/v2\/users\/1"}],"replies":[{"embeddable":true,"href":"https:\/\/minutaregional.cl\/index.php?rest_route=%2Fwp%2Fv2%2Fcomments&post=2412"}],"version-history":[{"count":3,"href":"https:\/\/minutaregional.cl\/index.php?rest_route=\/wp\/v2\/posts\/2412\/revisions"}],"predecessor-version":[{"id":2417,"href":"https:\/\/minutaregional.cl\/index.php?rest_route=\/wp\/v2\/posts\/2412\/revisions\/2417"}],"wp:featuredmedia":[{"embeddable":true,"href":"https:\/\/minutaregional.cl\/index.php?rest_route=\/wp\/v2\/media\/2413"}],"wp:attachment":[{"href":"https:\/\/minutaregional.cl\/index.php?rest_route=%2Fwp%2Fv2%2Fmedia&parent=2412"}],"wp:term":[{"taxonomy":"category","embeddable":true,"href":"https:\/\/minutaregional.cl\/index.php?rest_route=%2Fwp%2Fv2%2Fcategories&post=2412"},{"taxonomy":"post_tag","embeddable":true,"href":"https:\/\/minutaregional.cl\/index.php?rest_route=%2Fwp%2Fv2%2Ftags&post=2412"}],"curies":[{"name":"wp","href":"https:\/\/api.w.org\/{rel}","templated":true}]}}