{"id":2404,"date":"2022-10-28T00:08:35","date_gmt":"2022-10-28T00:08:35","guid":{"rendered":"https:\/\/minutaregional.cl\/?p=2404"},"modified":"2022-10-28T00:15:16","modified_gmt":"2022-10-28T00:15:16","slug":"javiera-mena-se-transforma-en-reina-de-la-noche-con-nocturna","status":"publish","type":"post","link":"https:\/\/minutaregional.cl\/?p=2404","title":{"rendered":"Javiera Mena se transforma en reina de la noche con \u00abNocturna\u00bb"},"content":{"rendered":"<p><a href=\"https:\/\/www.puntoticket.com\/evento\/javiera-mena-teatro-centenario-oct-2022\">https:\/\/www.puntoticket.com\/evento\/javiera-mena-teatro-centenario-oct-2022\u00a0<\/a><\/p>\n<p><em><strong>VENTA DE ENTRADAS PUNTOTICKET<\/strong><\/em><\/p>\n<p style=\"text-align: justify;\">\u00abNocturna\u00bb es Javiera Mena en su versi\u00f3n m\u00e1s sensual, elegante y sugerente. Un \u00e1lbum originado entre el estallido social chileno y la pandemia, cargado al pop sintetizado dispuesto para bailar, con gui\u00f1os a las eternas inspiraciones: Sade, George Michael y Lisa Stansfield. Es la vanguardia en la adultez, el funky contempor\u00e1neo y futurista que Javiera siempre busca.<\/p>\n<p style=\"text-align: justify;\">\u00abEste disco significa abrazar mi etapa adulta. Es un retorno a lo musical, a lo compositivo, a explorar nuevos instrumentos y formas de componer. En lo conceptual y emocional, me conecto con mi mujer actual, con mi independencia y expansi\u00f3n, con la diversi\u00f3n y el placer femenino. Es el disfrute de la ciudad, de m\u00ed misma, de mi sexualidad, mi conexi\u00f3n con Eros\u00bb, detalla sobre el \u00e1lbum que ya present\u00f3 \u00abCoraz\u00f3n Astral\u00bb, \u00abCulpa\u00bb y \u00abLa isla de Lesbos\u00bb como singles.<\/p>\n<p style=\"text-align: justify;\"><strong><a href=\"https:\/\/orcd.co\/javieramena-nocturna\">\u00abNocturna\u00bb<\/a><\/strong>\u00a0<strong>es Javiera Mena en su versi\u00f3n m\u00e1s sensual, elegante y sugerente.\u00a0<\/strong>Un \u00e1lbum originado\u00a0entre el estallido social chileno y la pandemia,\u00a0cargado al pop sintetizado\u00a0dispuesto para bailar, con gui\u00f1os a las eternas inspiraciones:\u00a0<strong>Sade, George Michael\u00a0<\/strong>y<strong>\u00a0Lisa Stansfield<\/strong>. Es la vanguardia en la adultez, el funky contempor\u00e1neo y futurista que Javiera siempre busca en su exploraci\u00f3n.<\/p>\n<p style=\"text-align: justify;\"><strong>11 tracks ideales para la noche, que ser\u00e1n celebrados el pr\u00f3ximo 31 de octubre, desde las 21 hrs. en el Teatro Centenario de La Serena, con las \u00faltimas entradas disponibles mediante el sistema Puntoticket.<\/strong><\/p>\n<p><iframe loading=\"lazy\" title=\"Javiera Mena - Me gustas t\u00fa\" width=\"800\" height=\"450\" src=\"https:\/\/www.youtube.com\/embed\/AwLsXDFqBg4?feature=oembed\" frameborder=\"0\" allow=\"accelerometer; autoplay; clipboard-write; encrypted-media; gyroscope; picture-in-picture\" allowfullscreen><\/iframe><\/p>\n","protected":false},"excerpt":{"rendered":"<p>https:\/\/www.puntoticket.com\/evento\/javiera-mena-teatro-centenario-oct-2022\u00a0 VENTA DE ENTRADAS PUNTOTICKET \u00abNocturna\u00bb es Javiera Mena en su versi\u00f3n m\u00e1s sensual, elegante y sugerente. Un \u00e1lbum originado entre el estallido social chileno y la pandemia, cargado al pop sintetizado dispuesto para bailar, con gui\u00f1os a las eternas inspiraciones: Sade, George Michael y Lisa Stansfield. Es la vanguardia<\/p>\n","protected":false},"author":1,"featured_media":2405,"comment_status":"closed","ping_status":"open","sticky":false,"template":"","format":"standard","meta":{"footnotes":""},"categories":[1],"tags":[],"class_list":["post-2404","post","type-post","status-publish","format-standard","has-post-thumbnail","hentry","category-noticias-regionales"],"_links":{"self":[{"href":"https:\/\/minutaregional.cl\/index.php?rest_route=\/wp\/v2\/posts\/2404","targetHints":{"allow":["GET"]}}],"collection":[{"href":"https:\/\/minutaregional.cl\/index.php?rest_route=\/wp\/v2\/posts"}],"about":[{"href":"https:\/\/minutaregional.cl\/index.php?rest_route=\/wp\/v2\/types\/post"}],"author":[{"embeddable":true,"href":"https:\/\/minutaregional.cl\/index.php?rest_route=\/wp\/v2\/users\/1"}],"replies":[{"embeddable":true,"href":"https:\/\/minutaregional.cl\/index.php?rest_route=%2Fwp%2Fv2%2Fcomments&post=2404"}],"version-history":[{"count":4,"href":"https:\/\/minutaregional.cl\/index.php?rest_route=\/wp\/v2\/posts\/2404\/revisions"}],"predecessor-version":[{"id":2410,"href":"https:\/\/minutaregional.cl\/index.php?rest_route=\/wp\/v2\/posts\/2404\/revisions\/2410"}],"wp:featuredmedia":[{"embeddable":true,"href":"https:\/\/minutaregional.cl\/index.php?rest_route=\/wp\/v2\/media\/2405"}],"wp:attachment":[{"href":"https:\/\/minutaregional.cl\/index.php?rest_route=%2Fwp%2Fv2%2Fmedia&parent=2404"}],"wp:term":[{"taxonomy":"category","embeddable":true,"href":"https:\/\/minutaregional.cl\/index.php?rest_route=%2Fwp%2Fv2%2Fcategories&post=2404"},{"taxonomy":"post_tag","embeddable":true,"href":"https:\/\/minutaregional.cl\/index.php?rest_route=%2Fwp%2Fv2%2Ftags&post=2404"}],"curies":[{"name":"wp","href":"https:\/\/api.w.org\/{rel}","templated":true}]}}