{"id":2399,"date":"2022-10-27T23:10:24","date_gmt":"2022-10-27T23:10:24","guid":{"rendered":"https:\/\/minutaregional.cl\/?p=2399"},"modified":"2022-10-27T23:10:24","modified_gmt":"2022-10-27T23:10:24","slug":"comenzo-el-8o-festival-internacional-de-cine-de-la-serena","status":"publish","type":"post","link":"https:\/\/minutaregional.cl\/?p=2399","title":{"rendered":"Comenz\u00f3 el 8\u00ba Festival Internacional de Cine de La Serena"},"content":{"rendered":"<p style=\"text-align: justify;\">Este mi\u00e9rcoles 26 de octubre se dio inicio a la versi\u00f3n 8\u00ba del Festival Internacional de Cine de La Serena, FECILS. La ceremonia de inauguraci\u00f3n, que fue conducida por los reconocidos actores Alessandra Guerzoni y Mario Horton, cont\u00f3 con la participaci\u00f3n del seremi de las Culturas, las Artes y el Patrimonio, Cedric Steinlen, junto al Presidente de la Asociaci\u00f3n de Municipios de la Regi\u00f3n de Coquimbo, Rafael Vera, el Rector(s) de la Universidad de La Serena, Sergio Fuentes, el director regional de CORFO, Andr\u00e9s Zurita, representantes del Concejo Municipal, actores y actrices invitados, realizadores audiovisuales y el director del FECILS, Eduardo Pizarro, entre otras autoridades.<\/p>\n<p style=\"text-align: justify;\">El certamen audiovisual dio el vamos a su nueva edici\u00f3n con la presentaci\u00f3n de las categor\u00edas y obras cinematogr\u00e1ficas en competencia de este a\u00f1o y la exhibici\u00f3n de \u201c1976\u201d, el largometraje debut de Manuela Martelli. La pel\u00edcula es protagonizada por Aline Kuppenheim, estrenada en Cannes y que representa a Chile en los Premios Goya.<\/p>\n<p style=\"text-align: justify;\">En la instancia, Cedric Steinlen, seremi de las Culturas, las Artes y el Patrimonio, manifest\u00f3 que \u201cestamos muy felices que volvamos a tener estas actividades presenciales, que nos volvamos a encontrar, que podamos por fin eliminar los aforos, para que la gente pueda disfrutar del cine y en este caso en la octava edici\u00f3n de FECILS. Un encuentro realmente important\u00edsimo para nuestra regi\u00f3n, para la cultura y las artes, sin duda esto reactiva al sector de la cultura, a los creadores y creadoras audiovisuales, por lo que estamos muy entusiasmados por todo lo que se viene estos d\u00edas y felices de poder apoyar a trav\u00e9s de nuestros fondos audiovisuales con estas iniciativas\u201d.<\/p>\n<p style=\"text-align: justify;\">Por su parte, Mario Horton, destacado actor y uno de los anfitriones que estuvo a cargo de conducir la primera jornada, expres\u00f3 que \u201cfue una hermosa inauguraci\u00f3n, pudimos ver una pel\u00edcula preciosa de la Manuela Martelli, creo que es una pel\u00edcula que va a tener un gran recorrido y que le da el puntapi\u00e9 inicial a un festival que se ha ido posicionando como uno de los festivales importantes del pa\u00eds, ayudando a descentralizar la industria audiovisual, la cultura y en ese sentido muy agradecido de la invitaci\u00f3n y de poder aportar en ello tambi\u00e9n\u201d.<\/p>\n<p style=\"text-align: justify;\">El festival, llegar\u00e1 hasta las diferentes comunas de las tres provincias de la regi\u00f3n de Coquimbo y contar\u00e1 con m\u00e1s de 60 pel\u00edculas que componen una programaci\u00f3n diversa para los distintos p\u00fablicos, entre ellas \u201cNotas para una pel\u00edcula\u201d, \u00faltima obra del documentalista chileno Ignacio Ag\u00fcero, y que ser\u00e1 la encargada de cerrar el segundo d\u00eda del evento.<\/p>\n<p style=\"text-align: justify;\">Eduardo Pizarro, director de FECILS, destac\u00f3 que en esta octava versi\u00f3n del festival \u201cqueremos seguir haciendo del cine una experiencia y un espacio donde el p\u00fablico logre tener una aproximaci\u00f3n para la reflexi\u00f3n, la creaci\u00f3n, el debate e intercambio de ideas a trav\u00e9s de este noble arte. Esta nueva edici\u00f3n del festival es una invitaci\u00f3n a volver a vernos a las caras, a sonre\u00edr, a conocer otras realidades y deleitarnos con las mejores y m\u00e1s recientes producciones cinematogr\u00e1ficas\u201d.<\/p>\n<p style=\"text-align: justify;\">Cabe recordar que el FECILS 2022 se extender\u00e1 hasta el s\u00e1bado 29 de octubre y toda la programaci\u00f3n se puede ver en <a href=\"http:\/\/www.fecils.cl\">www.fecils.cl<\/a>.<\/p>\n","protected":false},"excerpt":{"rendered":"<p>Este mi\u00e9rcoles 26 de octubre se dio inicio a la versi\u00f3n 8\u00ba del Festival Internacional de Cine de La Serena, FECILS. La ceremonia de inauguraci\u00f3n, que fue conducida por los reconocidos actores Alessandra Guerzoni y Mario Horton, cont\u00f3 con la participaci\u00f3n del seremi de las Culturas, las Artes y el<\/p>\n","protected":false},"author":1,"featured_media":2401,"comment_status":"closed","ping_status":"open","sticky":false,"template":"","format":"standard","meta":{"footnotes":""},"categories":[1,16],"tags":[],"class_list":["post-2399","post","type-post","status-publish","format-standard","has-post-thumbnail","hentry","category-noticias-regionales","category-seremi-de-cultura"],"_links":{"self":[{"href":"https:\/\/minutaregional.cl\/index.php?rest_route=\/wp\/v2\/posts\/2399","targetHints":{"allow":["GET"]}}],"collection":[{"href":"https:\/\/minutaregional.cl\/index.php?rest_route=\/wp\/v2\/posts"}],"about":[{"href":"https:\/\/minutaregional.cl\/index.php?rest_route=\/wp\/v2\/types\/post"}],"author":[{"embeddable":true,"href":"https:\/\/minutaregional.cl\/index.php?rest_route=\/wp\/v2\/users\/1"}],"replies":[{"embeddable":true,"href":"https:\/\/minutaregional.cl\/index.php?rest_route=%2Fwp%2Fv2%2Fcomments&post=2399"}],"version-history":[{"count":2,"href":"https:\/\/minutaregional.cl\/index.php?rest_route=\/wp\/v2\/posts\/2399\/revisions"}],"predecessor-version":[{"id":2403,"href":"https:\/\/minutaregional.cl\/index.php?rest_route=\/wp\/v2\/posts\/2399\/revisions\/2403"}],"wp:featuredmedia":[{"embeddable":true,"href":"https:\/\/minutaregional.cl\/index.php?rest_route=\/wp\/v2\/media\/2401"}],"wp:attachment":[{"href":"https:\/\/minutaregional.cl\/index.php?rest_route=%2Fwp%2Fv2%2Fmedia&parent=2399"}],"wp:term":[{"taxonomy":"category","embeddable":true,"href":"https:\/\/minutaregional.cl\/index.php?rest_route=%2Fwp%2Fv2%2Fcategories&post=2399"},{"taxonomy":"post_tag","embeddable":true,"href":"https:\/\/minutaregional.cl\/index.php?rest_route=%2Fwp%2Fv2%2Ftags&post=2399"}],"curies":[{"name":"wp","href":"https:\/\/api.w.org\/{rel}","templated":true}]}}