{"id":2388,"date":"2022-10-26T15:10:05","date_gmt":"2022-10-26T15:10:05","guid":{"rendered":"https:\/\/minutaregional.cl\/?p=2388"},"modified":"2022-10-26T15:10:05","modified_gmt":"2022-10-26T15:10:05","slug":"sence-certifica-a-18-alumnos-as-en-inedito-curso-de-operador-de-excavadora-en-puerto-aysen","status":"publish","type":"post","link":"https:\/\/minutaregional.cl\/?p=2388","title":{"rendered":"Sence certifica a 18 alumnos\/as en in\u00e9dito curso de operador de excavadora en Puerto Ays\u00e9n"},"content":{"rendered":"<ul>\n<li style=\"text-align: justify;\"><strong>Parte del programa \u201cReinv\u00e9ntate\u201d, el curso busca mejorar la empleabilidad frente a los nuevos escenarios laborales.<\/strong><\/li>\n<\/ul>\n<p style=\"text-align: justify;\"><strong><u>\u00a0<\/u><\/strong>Puerto Ays\u00e9n.- En un in\u00e9dito curso que surgi\u00f3 del levantamiento de demandas de las empresas regionales, el Ministerio del Trabajo y Previsi\u00f3n Social, a trav\u00e9s del Servicio de Capacitaci\u00f3n y Empleo, Sence, capacit\u00f3 y certific\u00f3 a 2 mujeres y a 16 hombres como operadores de excavadora.<\/p>\n<p style=\"text-align: justify;\">Parte del programa \u201cReinv\u00e9ntate\u201d de Sence, el prop\u00f3sito es aumentar y mejorar las competencias laborales de personas desempleadas que hayan perdido su empleo recientemente o de personas empleadas en riesgo de perder el empleo debido al impacto de la automatizaci\u00f3n de sus labores en ciertos sectores productivos, buscando apoyar a los trabajadores\/as en los nuevos escenarios laborales.<\/p>\n<p style=\"text-align: justify;\">\u201cEl Estado por medio de Sence est\u00e1 en plan de reactivaci\u00f3n econ\u00f3mica, justamente est\u00e1 favoreciendo lo que esta mirada con mano de obra calificada y con un curso que es de alta empleabilidad, muy valorado primeramente por el mercado pero sobre todo valorado por la comunidad, por las oportunidades que le entrega, sumado a eso tambi\u00e9n, con un enfoque inclusivo, porque hoy d\u00eda tenemos ac\u00e1 mujeres y migrantes, lo cual obviamente pone el enfoque de nuestro Gobierno, que va pensado en la gente, en su familia y en el pa\u00eds\u201d, puntualiz\u00f3 el Delegado Presidencial Provincial de Ays\u00e9n, Jorge Salfate durante una visita en terreno a la capacitaci\u00f3n.<\/p>\n<p style=\"text-align: justify;\">El curso const\u00f3 de 188 horas cronol\u00f3gicas, capacitando a 22 alumnos\/as y certificando a 18 de ellos. En el curso adem\u00e1s del tema pr\u00e1ctico, tuvo un importante componente te\u00f3rico, donde el aspecto de seguridad laboral fue fundamental, entregando conocimientos en seguridad en uso de maquinarias pesadas, mantenimiento preventivo y correctivo b\u00e1sico, maniobras de operaci\u00f3n de excavadora, normativa legal, condiciones de trabajo en terreno, protocolos t\u00e9cnicos de operaci\u00f3n, entre otros.<\/p>\n<p style=\"text-align: justify;\">Al respecto, el Alcalde de Ays\u00e9n, Julio Uribe, destac\u00f3 la empleabilidad de este tipo de capacitaciones, \u201cMuy contento de estar en terreno hoy d\u00eda viendo el desarrollo de estos programas y capacitaciones que tiene el Sence, nosotros tenemos una demanda muy grande de operadores de m\u00e1quinas, comentaba que gran parte de los operadores no han tenido la posibilidad de hacer cursos, normalmente estos cursos son de forma aut\u00f3noma o que van\u00a0 aprendiendo de la pr\u00e1ctica, pero que venga una persona especializada a capacitar por los riesgos que tiene el operar una m\u00e1quina de esta naturaleza, es maravilloso. Lo que est\u00e1 ocurriendo con alumnos ayseninos es que est\u00e1n aprendiendo de la mejor forma, eso creo que es un c\u00edrculo virtuoso, en el cual el desarrollo para nuestra comunidad pasa por tener gente calificada, as\u00ed que estamos muy contentos. La idea es provocar que estos cursos sigan existiendo, sigan avanzando y que tambi\u00e9n queden con sus licencias y bueno, incentivar al Sence para que siga haciendo estos cursos que para nosotros son de gran importancia\u201d, afirm\u00f3 el jefe comunal.<\/p>\n<p style=\"text-align: justify;\">Por su parte, el Seremi de Trabajo y Previsi\u00f3n Social, Rodrigo D\u00edaz, destac\u00f3 la presencia de mujeres en un rubro tradicionalmente masculinizado como es el de operarios\/as de m\u00e1quinas pesadas, \u201cCumpliendo con toda la proyecci\u00f3n que ten\u00eda este curso en cuanto a la reinserci\u00f3n laboral y adem\u00e1s quiero destacar que tenemos la importante presencia de mujeres, mujeres demostrando que en una labor que ha sido tradicionalmente de hombres, ellas tambi\u00e9n pueden participar y hacerlo bien, e incluso a veces mejor, entonces yo creo que esto es magn\u00edfico, trabajando con equipos de primera y esto es lo que queremos, es lo que el Gobierno del Presidente Boric busca. Espero que sigamos aumentando la participaci\u00f3n de ellas y que la gente est\u00e9 atenta a los programas del Sence, vea las oportunidades que hay porque son realmente oportunidades valiosas, como la que vemos ac\u00e1, es una invitaci\u00f3n a poder ver, cambiar y tambi\u00e9n prosperar\u201d, mencion\u00f3<\/p>\n<p style=\"text-align: justify;\">A su vez, el Director(s) regional de Sence Ays\u00e9n, Andro Valdenegro, manifest\u00f3 en la ceremonia de certificaci\u00f3n, \u201cLa importancia es que cada uno de ustedes hoy d\u00eda pueda estar en un puesto de trabajo, con las capacidades aprendidas, con las habilidades incorporadas, que sin duda van a hacer un aporte para ustedes, tanto personal como familiar. Agradecer a la gente de nuestra instituci\u00f3n, el OTEC que nos est\u00e1 colaborando y que son agentes estrat\u00e9gicos en esta prestaci\u00f3n de servicios, de capacitaci\u00f3n. Hoy d\u00eda es un momento para celebrar, darles las gracias a los alumnos, por motivarse, y seguir invit\u00e1ndolos a que hagan cursos de capacitaci\u00f3n, a que sigan un plan formativo. Sence tiene las puertas abiertas con capacitaci\u00f3n presencial y tambi\u00e9n con capacitaci\u00f3n e-learning, la idea es siempre motivarse a aprender para seguir adquiriendo capacidades que nos ayuden a desarrollarnos en el mundo del trabajo\u201d, concluy\u00f3.<\/p>\n<p style=\"text-align: justify;\"><strong><u>Nuevas oportunidades laborales para los alumnos\/as capacitados<\/u><\/strong><\/p>\n<p style=\"text-align: justify;\">Sandra Vidal es una de las dos mujeres que se certificaron en el curso y obtuvo su licencia, encontrando trabajo de inmediato en el tema, \u201centr\u00e9 en septiembre a una prueba por un d\u00eda, a hacer unos reemplazos, y luego terminando el reemplazo me informaron que quedaba contratada para operar una miniexcavadora, que es lo que se necesitaba, que era un operador de miniexcavadora. La experiencia s\u00faper bonita, trabajo con puros hombres, un grupo de trabajo excelente. Incentivar a la gente, que las oportunidades est\u00e1n, hay que buscarlas, son experiencias muy bonitas, conoc\u00ed a gente muy importante. S\u00faper bien que a las mujeres se les den las oportunidades, estoy s\u00faper agradecida de la empresa que me dio la oportunidad, Bellavista, y a seguir adelante\u201d, coment\u00f3 la alumna, quien agradeci\u00f3 a sus compa\u00f1eros de capacitaci\u00f3n y al profesor, con quien mantienen contacto y realizan consultas cuando tienen dudas.<\/p>\n<p style=\"text-align: justify;\">Otro de los alumnos fue Edwin Ferney, quien se instal\u00f3 en la regi\u00f3n hace varios a\u00f1os junto a su familia, provenientes de Colombia, \u201cEl curso me pareci\u00f3 muy interesante y una oportunidad muy importante. Yo soy soldador, me enfoco en la soldadura y trabajar en maquinaria me sirve porque hay momentos que en la soldadura no hay oportunidades de trabajo, en cambio, en las maquinarias hay bastantes oportunidades, entonces me facilita mucho. Uno que es extranjero, de repente te complica conseguir trabajos y en el caso de la excavadora, te sirve mucho. Me sent\u00ed muy capacitado con el profesional que nos dio la capacitaci\u00f3n\u201d, afirm\u00f3.<\/p>\n","protected":false},"excerpt":{"rendered":"<p>Parte del programa \u201cReinv\u00e9ntate\u201d, el curso busca mejorar la empleabilidad frente a los nuevos escenarios laborales. \u00a0Puerto Ays\u00e9n.- En un in\u00e9dito curso que surgi\u00f3 del levantamiento de demandas de las empresas regionales, el Ministerio del Trabajo y Previsi\u00f3n Social, a trav\u00e9s del Servicio de Capacitaci\u00f3n y Empleo, Sence, capacit\u00f3 y<\/p>\n","protected":false},"author":1,"featured_media":2389,"comment_status":"closed","ping_status":"open","sticky":false,"template":"","format":"standard","meta":{"footnotes":""},"categories":[1],"tags":[],"class_list":["post-2388","post","type-post","status-publish","format-standard","has-post-thumbnail","hentry","category-noticias-regionales"],"_links":{"self":[{"href":"https:\/\/minutaregional.cl\/index.php?rest_route=\/wp\/v2\/posts\/2388","targetHints":{"allow":["GET"]}}],"collection":[{"href":"https:\/\/minutaregional.cl\/index.php?rest_route=\/wp\/v2\/posts"}],"about":[{"href":"https:\/\/minutaregional.cl\/index.php?rest_route=\/wp\/v2\/types\/post"}],"author":[{"embeddable":true,"href":"https:\/\/minutaregional.cl\/index.php?rest_route=\/wp\/v2\/users\/1"}],"replies":[{"embeddable":true,"href":"https:\/\/minutaregional.cl\/index.php?rest_route=%2Fwp%2Fv2%2Fcomments&post=2388"}],"version-history":[{"count":1,"href":"https:\/\/minutaregional.cl\/index.php?rest_route=\/wp\/v2\/posts\/2388\/revisions"}],"predecessor-version":[{"id":2391,"href":"https:\/\/minutaregional.cl\/index.php?rest_route=\/wp\/v2\/posts\/2388\/revisions\/2391"}],"wp:featuredmedia":[{"embeddable":true,"href":"https:\/\/minutaregional.cl\/index.php?rest_route=\/wp\/v2\/media\/2389"}],"wp:attachment":[{"href":"https:\/\/minutaregional.cl\/index.php?rest_route=%2Fwp%2Fv2%2Fmedia&parent=2388"}],"wp:term":[{"taxonomy":"category","embeddable":true,"href":"https:\/\/minutaregional.cl\/index.php?rest_route=%2Fwp%2Fv2%2Fcategories&post=2388"},{"taxonomy":"post_tag","embeddable":true,"href":"https:\/\/minutaregional.cl\/index.php?rest_route=%2Fwp%2Fv2%2Ftags&post=2388"}],"curies":[{"name":"wp","href":"https:\/\/api.w.org\/{rel}","templated":true}]}}