{"id":2377,"date":"2022-10-26T14:36:42","date_gmt":"2022-10-26T14:36:42","guid":{"rendered":"https:\/\/minutaregional.cl\/?p=2377"},"modified":"2022-10-26T14:36:42","modified_gmt":"2022-10-26T14:36:42","slug":"aysen-empresa-lanarq-construccion-de-viviendas-sustentables-con-base-en-la-economia-circular","status":"publish","type":"post","link":"https:\/\/minutaregional.cl\/?p=2377","title":{"rendered":"Ays\u00e9n \u2013 Empresa Lanarq: Construcci\u00f3n de viviendas sustentables con base en la Econom\u00eda Circular"},"content":{"rendered":"<p style=\"text-align: justify;\"><em>Desde hace unos a\u00f1os, Lanarq atiende la demanda habitacional a trav\u00e9s del programa de habitabilidad rural del Ministerio de Vivienda y Urbanismo en Ays\u00e9n.<\/em><\/p>\n<p style=\"text-align: justify;\"><strong>Coyhaique, 26 de octubre de 2022.-<\/strong> Uno de los problemas del habitar en la Regi\u00f3n de Ays\u00e9n con un tipo de clima templado fr\u00edo, de bajas temperaturas, lluvia, fuertes vientos y elevada humedad, es la necesidad de contar con viviendas acondicionadas para minimizar el uso de energ\u00eda y lograr el confort ambiental.<\/p>\n<p style=\"text-align: justify;\">Frente a este desaf\u00edo, la empresa <a href=\"https:\/\/www.lanarq.com\/\">Lanarq -Lana y Arquitectura-<\/a>, apoyada por el programa Innova Regi\u00f3n de Corfo Ays\u00e9n, desarroll\u00f3 soluciones constructivas con <a href=\"https:\/\/www.youtube.com\/watch?v=ro_SXwQELPY&amp;t=1s\">sello regional<\/a>. \u201cVimos la oportunidad de enfrentar esta problem\u00e1tica incorporando nuevas soluciones de menor impacto ambiental, respondiendo con el dise\u00f1o de propuestas habitacionales con est\u00e1ndares constructivos de alta eficiencia energ\u00e9tica y confort ambiental, desarrolladas con madera y lana de oveja\u201d, explic\u00f3 Mar\u00eda de los \u00c1ngeles Lobos, cofundadora de Lanarq.<\/p>\n<p style=\"text-align: justify;\">La <a href=\"https:\/\/www.youtube.com\/watch?v=QVSXSooULcA\">aislaci\u00f3n con lana de oveja<\/a>, adem\u00e1s de generar ambientes confortables, produce beneficios en la salud de las personas y medio ambiente. Es biodegradable, eficiente y sustentable, con bajas emisiones CO2 en sus procesos de fabricaci\u00f3n y traslado. Al ser un material vivo, es capaz de autorregularse, absorber y liberar humedad, sin afectar sus propiedades t\u00e9rmicas. No es inflamable y no genera gases t\u00f3xicos.<\/p>\n<p style=\"text-align: justify;\"><strong>LANARQ<\/strong><\/p>\n<p style=\"text-align: justify;\">La <a href=\"https:\/\/www.youtube.com\/watch?v=J1apLm5vQug\">empresa dise\u00f1a, fabrica y certifica<\/a> un sistema constructivo eficiente y sustentable con beneficios t\u00e9rmicos, ac\u00fasticos y de protecci\u00f3n al fuego, utilizando como base materias primas locales con tradici\u00f3n y cultura aysenina, como son la madera y la lana de oveja. De este modo, ofrece componentes de pisos, tabiques y cubiertas, que se montan in situ con el m\u00ednimo impacto ambiental, es decir, un sistema limpio, liviano y de alto est\u00e1ndar en eficiencia.<\/p>\n<p style=\"text-align: justify;\">Andr\u00e9s Villouta, cofundador de la empresa, explic\u00f3 que esta iniciativa \u201caborda tres problem\u00e1ticas. La <a href=\"https:\/\/www.youtube.com\/watch?v=yprj9Hg0b7Q\">primera es social<\/a>, ya que, al diversificar el mercado de la lana local, se benefician los peque\u00f1os productores ovinos, pues se incorpora el material aislante en los subsidios habitacionales de los mismos productores. La segunda es ambiental, aportando en la eficiencia energ\u00e9tica de la envolvente de las viviendas, disminuyendo la contaminaci\u00f3n del aire, disminuyendo la demanda de calefacci\u00f3n por le\u00f1a. Y finalmente, desde el punto de vista econ\u00f3mico, utilizando el descarte de lana que se recupera y se reutiliza en un material de construcci\u00f3n, incorporando la l\u00f3gica de econom\u00eda circular en el territorio\u201d, detall\u00f3.<\/p>\n<p style=\"text-align: justify;\">En sus a\u00f1os de gesti\u00f3n, han alcanzado importantes metas, como la acreditaci\u00f3n de la lana como un material reconocido e incorporado en el listado oficial de materiales aislantes por parte del Instituto Nacional de Normalizaci\u00f3n, INN; la incorporaci\u00f3n del material en los <a href=\"https:\/\/www.corfo.cl\/sites\/cpp\/sala_de_prensa\/regional\/28-10-2019_lanarq;jsessionid=SWlfCmQd8TZZ6BQVIpv1RF4wko18Gjs7Iyzkn55rKHH8rXWuwTZW!-357409260!2122944909\">programas habitacionales del MINVU<\/a> y la participaci\u00f3n en el evento internacional, ICE BOX CHALLENGER en el marco de la COP26, donde se demostr\u00f3 la importancia de la eficiencia energ\u00e9tica de alto est\u00e1ndar como el PASIVEHAUS (est\u00e1ndar de construcci\u00f3n de edificios energ\u00e9ticamente eficientes, con un elevado confort interior y econ\u00f3micamente asequibles).<\/p>\n<p style=\"text-align: justify;\"><strong>APOYO CORFO<\/strong><\/p>\n<p style=\"text-align: justify;\">Humberto Mar\u00edn Leiva, director de Corfo Ays\u00e9n, explic\u00f3 que \u201cmediante el programa Innova Regi\u00f3n, est\u00e1n ejecutando el proyecto Sistema Constructivo Prefabricado, para el dise\u00f1o y construcci\u00f3n de un prototipo de Refugio de Monta\u00f1a, elaborados con madera y lana de oveja como aislante. Vemos en Lanarq una empresa que se ha consolidado y es reconocida no solo en nuestra regi\u00f3n, sino que tambi\u00e9n a nivel nacional e internacional, siendo la econom\u00eda circular el eje de su gesti\u00f3n y desarrollo, modelo que forma parte de los pilares de Corfo en nuestra actual administraci\u00f3n\u201d.<\/p>\n<p style=\"text-align: justify;\">Finalmente, Mar\u00eda de los \u00c1ngeles se\u00f1al\u00f3 que hace pocos meses lograron un acuerdo con la Cooperativa Lanera Trelew de Argentina, para que la experiencia de Lanarq consolidada a la fecha, pueda transformarse en proyectos de viviendas sociales y\/o planes de viviendas para los sectores m\u00e1s vulnerables en principio, pero tambi\u00e9n buscando generalizar el uso de este aislante natural en general. \u201cHoy en d\u00eda nos encontramos explorando modelos de negocios para abastecer la demanda cada vez m\u00e1s creciente de construcciones sustentables de alto est\u00e1ndar. Nuestros planes son fortalecer la cadena de producci\u00f3n para dar respuesta oportuna a la demanda local y, al mismo tiempo, consolidar la venta del sistema constructivo en la Regi\u00f3n Metropolitana utilizando mantos de lana de oveja de la industria textil existente e incentivar el uso de la lana y generar alianzas con oficinas de dise\u00f1o para especificar el material en obras p\u00fablicas y privadas\u201d, concluy\u00f3.<\/p>\n<p style=\"text-align: justify;\">\n<p>&nbsp;<\/p>\n","protected":false},"excerpt":{"rendered":"<p>Desde hace unos a\u00f1os, Lanarq atiende la demanda habitacional a trav\u00e9s del programa de habitabilidad rural del Ministerio de Vivienda y Urbanismo en Ays\u00e9n. Coyhaique, 26 de octubre de 2022.- Uno de los problemas del habitar en la Regi\u00f3n de Ays\u00e9n con un tipo de clima templado fr\u00edo, de bajas<\/p>\n","protected":false},"author":1,"featured_media":2378,"comment_status":"closed","ping_status":"open","sticky":false,"template":"","format":"standard","meta":{"footnotes":""},"categories":[20],"tags":[],"class_list":["post-2377","post","type-post","status-publish","format-standard","has-post-thumbnail","hentry","category-corfo"],"_links":{"self":[{"href":"https:\/\/minutaregional.cl\/index.php?rest_route=\/wp\/v2\/posts\/2377","targetHints":{"allow":["GET"]}}],"collection":[{"href":"https:\/\/minutaregional.cl\/index.php?rest_route=\/wp\/v2\/posts"}],"about":[{"href":"https:\/\/minutaregional.cl\/index.php?rest_route=\/wp\/v2\/types\/post"}],"author":[{"embeddable":true,"href":"https:\/\/minutaregional.cl\/index.php?rest_route=\/wp\/v2\/users\/1"}],"replies":[{"embeddable":true,"href":"https:\/\/minutaregional.cl\/index.php?rest_route=%2Fwp%2Fv2%2Fcomments&post=2377"}],"version-history":[{"count":1,"href":"https:\/\/minutaregional.cl\/index.php?rest_route=\/wp\/v2\/posts\/2377\/revisions"}],"predecessor-version":[{"id":2379,"href":"https:\/\/minutaregional.cl\/index.php?rest_route=\/wp\/v2\/posts\/2377\/revisions\/2379"}],"wp:featuredmedia":[{"embeddable":true,"href":"https:\/\/minutaregional.cl\/index.php?rest_route=\/wp\/v2\/media\/2378"}],"wp:attachment":[{"href":"https:\/\/minutaregional.cl\/index.php?rest_route=%2Fwp%2Fv2%2Fmedia&parent=2377"}],"wp:term":[{"taxonomy":"category","embeddable":true,"href":"https:\/\/minutaregional.cl\/index.php?rest_route=%2Fwp%2Fv2%2Fcategories&post=2377"},{"taxonomy":"post_tag","embeddable":true,"href":"https:\/\/minutaregional.cl\/index.php?rest_route=%2Fwp%2Fv2%2Ftags&post=2377"}],"curies":[{"name":"wp","href":"https:\/\/api.w.org\/{rel}","templated":true}]}}