{"id":2374,"date":"2022-10-26T14:27:43","date_gmt":"2022-10-26T14:27:43","guid":{"rendered":"https:\/\/minutaregional.cl\/?p=2374"},"modified":"2022-10-26T14:27:43","modified_gmt":"2022-10-26T14:27:43","slug":"sernameg-realiza-taller-de-sensibilizacion-sobre-participacion-politica-y-social-femenina-a-fundacion-prodemu","status":"publish","type":"post","link":"https:\/\/minutaregional.cl\/?p=2374","title":{"rendered":"SernamEG realiza taller de sensibilizaci\u00f3n sobre participaci\u00f3n pol\u00edtica y social femenina a Fundaci\u00f3n PRODEMU"},"content":{"rendered":"<div>\n<p class=\"yiv7018884446MsoNormal\" style=\"text-align: justify;\"><span lang=\"ES\">Cerca de 70 personas asistieron a una actividad de sensibilizaci\u00f3n virtual, del programa de Participaci\u00f3n Pol\u00edtica y Social del Servicio Nacional de la Mujer y la Equidad de G\u00e9nero, SernamEG, que ejecuta la ONG Centro del Desarrollo de la Mujer DOMOS. A este espacio de encuentro donde se abordan tem\u00e1ticas desde una perspectiva de g\u00e9nero, asistieron los equipos de la Fundaci\u00f3n para la Promoci\u00f3n y Desarrollo de la Mujer, PRODEMU, de las cuatro provincias de la regi\u00f3n de Ays\u00e9n. \u00a0<\/span><\/p>\n<p class=\"yiv7018884446MsoNormal\" style=\"text-align: justify;\"><span lang=\"ES\">\u00a0<\/span><span lang=\"ES\">Respecto a los talleres que se han realizado, tanto de manera presencial como telem\u00e1tica, la Directora Regional (S) de SernamEG, Carla Arriagada Malague\u00f1o, explic\u00f3: \u201cse ha venido desarrollando un trabajo sistem\u00e1tico, que ha permitido generar intercambio de experiencias y reflexiones interesantes en Puerto Ays\u00e9n, Villa Cerro Castillo, Ma\u00f1ihuales, Puerto Ib\u00e1\u00f1ez y Coyhaique. En los talleres se ha analizado el avance que hemos experimentado las mujeres a lo largo de la historia en materia de derechos; pero tambi\u00e9n las brechas que a\u00fan persisten, as\u00ed como los nuevos desaf\u00edos por abordar. Siempre con la idea de potenciar el ejercicio de liderazgos en los espacios de toma de decisiones en las organizaciones sociales y pol\u00edticas\u201d.<\/span><\/p>\n<p class=\"yiv7018884446MsoNormal\" style=\"text-align: justify;\"><span lang=\"ES\">\u00a0<\/span><span lang=\"ES\">Por su parte, la Directora Ejecutiva Regional de PRODEMU, Ingrid Osorio Santana, dijo: \u201cen el marco del convenio que tenemos con SernamEG, nos interesa afianzar la sinergia que existe entre ambas instituciones, con el fin de potenciar las autonom\u00edas econ\u00f3mica, f\u00edsica y pol\u00edtica de las mujeres de la Regi\u00f3n. Por ello, cuando surge esta invitaci\u00f3n para examinar el liderazgo y las diversidades sexuales desde un enfoque de derecho, nos pareci\u00f3 pertinente como Fundaci\u00f3n convocar a otros organismos p\u00fablicos que est\u00e1n presentes en los territorios para que puedan acceder a informaci\u00f3n relevante respecto a estas tem\u00e1ticas\u201d. \u00a0<\/span><\/p>\n<p class=\"yiv7018884446MsoNormal\" style=\"text-align: justify;\"><span lang=\"ES\">\u00a0<\/span><span lang=\"ES\">Asistieron a la actividad de sensibilizaci\u00f3n \u00abLiderazgo: Mujeres, Diversidad Sexual y G\u00e9nero\u00bb funcionarias y funcionarios de Carabineros de Chile, INDAP, Servicio de Mejor Ni\u00f1ez y municipalidades, entre otros. En la oportunidad, se realiz\u00f3 una reflexi\u00f3n\u00a0<\/span>sobre la importancia de incluir el enfoque de derecho en las organizaciones sociales, pol\u00edticas y educativas. La exposici\u00f3n estuvo a cargo del profesional de la Unidad de G\u00e9nero del Ministerio de Educaci\u00f3n, MINEDUC, profesor de filosof\u00eda, mag\u00edster en g\u00e9nero y cultura, Mauricio Manquepill\u00e1n Pi\u00f1eiro.<\/p>\n<p class=\"yiv7018884446MsoNormal\" style=\"text-align: justify;\"><b>PR\u00d3XIMO CONVERSATORIO VIRTUAL<\/b><\/p>\n<p class=\"yiv7018884446MsoNormal\" style=\"text-align: justify;\">Este jueves 27 de octubre a las 15:00 horas se realizar\u00e1 un \u00faltimo conversatorio virtual, correspondiente al a\u00f1o 2022, denominado \u201cLiderazgos, Autonom\u00edas y Desaf\u00edos de la Igualdad de G\u00e9nero post \u2013 pandemia\u201d que apunta a destacar y reflexionar sobre las potencialidades y desaf\u00edos de los movimientos reivindicativos de la diversidad de g\u00e9nero en la sociedad actual. Las inscripciones est\u00e1n disponibles para las mujeres mayores de 18 a\u00f1os, de toda la regi\u00f3n de Ays\u00e9n, a trav\u00e9s del sitio web del SernamEG (<a href=\"http:\/\/www.sernameg.gob.cl\/\" target=\"_blank\" rel=\"nofollow noopener noreferrer\">www.sernameg.gob.cl<\/a>), link\u00a0<a href=\"https:\/\/app.sernam.cl\/form\/2022\/pmpp\/sensibilizacion\/\" target=\"_blank\" rel=\"nofollow noopener noreferrer\">https:\/\/app.sernam.cl\/form\/2022\/pmpp\/sensibilizacion\/<\/a><\/p>\n<p class=\"yiv7018884446MsoNormal\" style=\"text-align: justify;\"><span lang=\"ES\">Tres son los temas abordados en las actividades de sensibilizaci\u00f3n del programa Mujer y Participaci\u00f3n Pol\u00edtica y Social. El primero de ellos es \u201cLiderazgos y participaci\u00f3n de las mujeres en \u00e1reas no tradicionales\u201d, donde se aborda lo que sucede en espacios acad\u00e9micos y laborales vinculados a las Ciencias, Tecnolog\u00edas, Ingenier\u00edas, Matem\u00e1ticas, Miner\u00eda, entre otros.\u00a0 En \u201cLiderazgos: Mujeres, Diversidad Sexual y de G\u00e9nero\u201d se destacan las potencialidades y desaf\u00edos de los movimientos reivindicativos de la diversidad de g\u00e9nero en la sociedad actual. Finalmente, la tercera tem\u00e1tica fue \u201cRetrocesos por pandemia Covid 19 en la autonom\u00eda pol\u00edtica y social de las mujeres\u201d, da cuenta del escenario actual de las brechas, barreras e inequidades de g\u00e9nero en contexto de pandemia.\u00a0\u00a0\u00a0\u00a0\u00a0\u00a0\u00a0\u00a0\u00a0 \u00a0\u00a0\u00a0\u00a0\u00a0\u00a0\u00a0\u00a0\u00a0\u00a0\u00a0\u00a0\u00a0\u00a0\u00a0\u00a0\u00a0\u00a0\u00a0\u00a0\u00a0\u00a0\u00a0\u00a0\u00a0\u00a0\u00a0\u00a0\u00a0\u00a0\u00a0\u00a0\u00a0\u00a0\u00a0\u00a0\u00a0\u00a0\u00a0\u00a0\u00a0\u00a0\u00a0\u00a0\u00a0\u00a0\u00a0\u00a0 \u00a0<\/span><\/p>\n<\/div>\n<div><\/div>\n<div><\/div>\n","protected":false},"excerpt":{"rendered":"<p>Cerca de 70 personas asistieron a una actividad de sensibilizaci\u00f3n virtual, del programa de Participaci\u00f3n Pol\u00edtica y Social del Servicio Nacional de la Mujer y la Equidad de G\u00e9nero, SernamEG, que ejecuta la ONG Centro del Desarrollo de la Mujer DOMOS. A este espacio de encuentro donde se abordan tem\u00e1ticas<\/p>\n","protected":false},"author":1,"featured_media":2375,"comment_status":"closed","ping_status":"open","sticky":false,"template":"","format":"standard","meta":{"footnotes":""},"categories":[1],"tags":[],"class_list":["post-2374","post","type-post","status-publish","format-standard","has-post-thumbnail","hentry","category-noticias-regionales"],"_links":{"self":[{"href":"https:\/\/minutaregional.cl\/index.php?rest_route=\/wp\/v2\/posts\/2374","targetHints":{"allow":["GET"]}}],"collection":[{"href":"https:\/\/minutaregional.cl\/index.php?rest_route=\/wp\/v2\/posts"}],"about":[{"href":"https:\/\/minutaregional.cl\/index.php?rest_route=\/wp\/v2\/types\/post"}],"author":[{"embeddable":true,"href":"https:\/\/minutaregional.cl\/index.php?rest_route=\/wp\/v2\/users\/1"}],"replies":[{"embeddable":true,"href":"https:\/\/minutaregional.cl\/index.php?rest_route=%2Fwp%2Fv2%2Fcomments&post=2374"}],"version-history":[{"count":1,"href":"https:\/\/minutaregional.cl\/index.php?rest_route=\/wp\/v2\/posts\/2374\/revisions"}],"predecessor-version":[{"id":2376,"href":"https:\/\/minutaregional.cl\/index.php?rest_route=\/wp\/v2\/posts\/2374\/revisions\/2376"}],"wp:featuredmedia":[{"embeddable":true,"href":"https:\/\/minutaregional.cl\/index.php?rest_route=\/wp\/v2\/media\/2375"}],"wp:attachment":[{"href":"https:\/\/minutaregional.cl\/index.php?rest_route=%2Fwp%2Fv2%2Fmedia&parent=2374"}],"wp:term":[{"taxonomy":"category","embeddable":true,"href":"https:\/\/minutaregional.cl\/index.php?rest_route=%2Fwp%2Fv2%2Fcategories&post=2374"},{"taxonomy":"post_tag","embeddable":true,"href":"https:\/\/minutaregional.cl\/index.php?rest_route=%2Fwp%2Fv2%2Ftags&post=2374"}],"curies":[{"name":"wp","href":"https:\/\/api.w.org\/{rel}","templated":true}]}}