{"id":2371,"date":"2022-10-26T14:18:03","date_gmt":"2022-10-26T14:18:03","guid":{"rendered":"https:\/\/minutaregional.cl\/?p=2371"},"modified":"2022-10-26T14:18:03","modified_gmt":"2022-10-26T14:18:03","slug":"en-inedita-jornada-subsecretaria-de-educacion-superior-se-reunio-con-la-confech-en-la-universidad-de-la-serena","status":"publish","type":"post","link":"https:\/\/minutaregional.cl\/?p=2371","title":{"rendered":"En in\u00e9dita jornada Subsecretaria de Educaci\u00f3n Superior se reuni\u00f3 con la CONFECH en la Universidad de La Serena"},"content":{"rendered":"<ul>\n<li style=\"text-align: justify;\"><strong>El encuentro es parte de la mesa permanente de trabajo con representantes estudiantiles, y da cuenta de la importancia de la descentralizaci\u00f3n en instancias de participaci\u00f3n con comunidades educativas.<\/strong><\/li>\n<\/ul>\n<p style=\"text-align: justify;\">Hasta la Regi\u00f3n de Coquimbo, se traslad\u00f3 la Subsecretaria de Educaci\u00f3n Superior, Ver\u00f3nica Figueroa Huencho, invitada por la Confederaci\u00f3n de Estudiantes de Chile (CONFECH), para desarrollar una in\u00e9dita reuni\u00f3n fuera de Santiago, en el marco de la mesa de trabajo que desde abril se lleva a cabo entre la autoridad y representantes estudiantiles.<\/p>\n<p style=\"text-align: justify;\">La jornada se inici\u00f3 con una reuni\u00f3n en la que participaron el actual rector Dr. Nibaldo Avil\u00e9s y la rectora electa Dra. Luperfina Rojas, para dar paso a una sesi\u00f3n con el equipo directivo de la universidad, donde dialogaron sobre el acceso e inclusi\u00f3n a la vida universitaria y programas de permanencia en la Educaci\u00f3n Superior.<\/p>\n<p style=\"text-align: justify;\">Posteriormente se llev\u00f3 a cabo la sesi\u00f3n de la mesa con la CONFECH y finalmente concluy\u00f3 su visita con el conversatorio \u201cComunidades Universitarias Inclusivas\u201d, cuyo prop\u00f3sito fue generar una visi\u00f3n cr\u00edtica de la situaci\u00f3n actual de la inclusi\u00f3n en las universidades estatales de la Regi\u00f3n de Coquimbo.<\/p>\n<p style=\"text-align: justify;\">Tal como explic\u00f3 la Subsecretaria \u201cesta es la primera reuni\u00f3n que hacemos con la CONFECH en un territorio distinto al de Santiago y ha sido bien interesante. Esto no solo es algo que no se hab\u00eda hecho antes, sino que tambi\u00e9n es un llamado a comprender que, efectivamente, el di\u00e1logo con las y los estudiantes, con los territorios, desde el espacio de las universidades estatales es clave y estamos muy contentas con la jornada que hemos tenido hoy\u201d. Asimismo, afirm\u00f3 que esta iniciativa es parte de la pol\u00edtica de puertas abiertas impulsada por el Ministro de Educaci\u00f3n, Marco Antonio \u00c1vila.<\/p>\n<p style=\"text-align: justify;\">\u201cLa CONFECH nos ha planteado una agenda de trabajo que es muy coincidente con el programa de Gobierno, por lo que todos sus planteamientos son muy atendibles. Hoy d\u00eda, por ejemplo, estamos conversando respecto a que la educaci\u00f3n superior reconozca los espacios inclusivos para personas con discapacidad, para personas LGTBIQ+, para quienes provienen de pueblos ind\u00edgenas o de territorios distintos, por citar algunos ejemplos\u201d, destac\u00f3 la Subsecretaria. Recalc\u00f3 a su vez, el hecho que esta serie de reuniones se desarrolla en un contexto muy favorable para el trabajo intersectorial, en que tanto el MINEDUC como la Subsecretar\u00eda est\u00e1n abordando diversos temas como la seguridad o la implementaci\u00f3n de la Ley 21.369 que regula los espacios de educaci\u00f3n superior para que no exista acoso sexual, discriminaci\u00f3n o violencia de g\u00e9nero.<\/p>\n<p style=\"text-align: justify;\">Por su parte, Sebasti\u00e1n Ramos, presidente de la Federaci\u00f3n de Estudiantes de la Universidad de La Serena, valor\u00f3 positivamente el viaje de la Subsecretaria de Educaci\u00f3n Superior a la Regi\u00f3n de Coquimbo: \u201cEsto fue algo que se plante\u00f3 a principio de a\u00f1o en t\u00e9rminos de sostener reuniones fuera de Santiago, con universidades emplazadas en las regiones, lo que nos parece muy bien porque va en la l\u00ednea de la descentralizaci\u00f3n\u201d. De igual modo destac\u00f3 el tema de la inclusi\u00f3n, que fue analizado en esta oportunidad, que seg\u00fan explica \u201cno se limita solamente a la discapacidad f\u00edsica, sino que son un sinf\u00edn de cosas que es necesario abordar para contar con una educaci\u00f3n superior efectivamente inclusiva, como por ejemplo, las tem\u00e1ticas de g\u00e9nero y salud mental que engloban el concepto de inclusi\u00f3n, y por eso fue importante tener la reuni\u00f3n de hoy donde expusimos situaciones reales y conocimos las ideas que tiene la Subsecretar\u00eda desarrollar un trabajo lo m\u00e1s preciso posible. En ese aspecto estamos s\u00faper contentos y tenemos muchas ganas de seguir trabajando en esta l\u00ednea\u201d.<\/p>\n<p style=\"text-align: justify;\">El rector de la Universidad de La Serena, Dr. Nibaldo Avil\u00e9s, se mostr\u00f3 honrado con la visita de la autoridad: \u201cHemos tenido una conversaci\u00f3n muy amena. Le hemos mostrado todo lo que hacemos desde el punto de vista educativo, de la vinculaci\u00f3n con el medio, nuestros proyectos y nuestros sue\u00f1os y ella tambi\u00e9n nos ha contado de lo que viene para la educaci\u00f3n superior. Nos complace much\u00edsimo que nos ha se\u00f1alado que hay un inter\u00e9s importante por las universidades del Estado, pues esper\u00e1bamos que alguna vez se nos reconociera como una entidad al servicio de la comunidad y el desarrollo de la regi\u00f3n\u201d.<\/p>\n<p>&nbsp;<\/p>\n","protected":false},"excerpt":{"rendered":"<p>El encuentro es parte de la mesa permanente de trabajo con representantes estudiantiles, y da cuenta de la importancia de la descentralizaci\u00f3n en instancias de participaci\u00f3n con comunidades educativas. Hasta la Regi\u00f3n de Coquimbo, se traslad\u00f3 la Subsecretaria de Educaci\u00f3n Superior, Ver\u00f3nica Figueroa Huencho, invitada por la Confederaci\u00f3n de Estudiantes<\/p>\n","protected":false},"author":1,"featured_media":2372,"comment_status":"closed","ping_status":"open","sticky":false,"template":"","format":"standard","meta":{"footnotes":""},"categories":[1],"tags":[],"class_list":["post-2371","post","type-post","status-publish","format-standard","has-post-thumbnail","hentry","category-noticias-regionales"],"_links":{"self":[{"href":"https:\/\/minutaregional.cl\/index.php?rest_route=\/wp\/v2\/posts\/2371","targetHints":{"allow":["GET"]}}],"collection":[{"href":"https:\/\/minutaregional.cl\/index.php?rest_route=\/wp\/v2\/posts"}],"about":[{"href":"https:\/\/minutaregional.cl\/index.php?rest_route=\/wp\/v2\/types\/post"}],"author":[{"embeddable":true,"href":"https:\/\/minutaregional.cl\/index.php?rest_route=\/wp\/v2\/users\/1"}],"replies":[{"embeddable":true,"href":"https:\/\/minutaregional.cl\/index.php?rest_route=%2Fwp%2Fv2%2Fcomments&post=2371"}],"version-history":[{"count":1,"href":"https:\/\/minutaregional.cl\/index.php?rest_route=\/wp\/v2\/posts\/2371\/revisions"}],"predecessor-version":[{"id":2373,"href":"https:\/\/minutaregional.cl\/index.php?rest_route=\/wp\/v2\/posts\/2371\/revisions\/2373"}],"wp:featuredmedia":[{"embeddable":true,"href":"https:\/\/minutaregional.cl\/index.php?rest_route=\/wp\/v2\/media\/2372"}],"wp:attachment":[{"href":"https:\/\/minutaregional.cl\/index.php?rest_route=%2Fwp%2Fv2%2Fmedia&parent=2371"}],"wp:term":[{"taxonomy":"category","embeddable":true,"href":"https:\/\/minutaregional.cl\/index.php?rest_route=%2Fwp%2Fv2%2Fcategories&post=2371"},{"taxonomy":"post_tag","embeddable":true,"href":"https:\/\/minutaregional.cl\/index.php?rest_route=%2Fwp%2Fv2%2Ftags&post=2371"}],"curies":[{"name":"wp","href":"https:\/\/api.w.org\/{rel}","templated":true}]}}