{"id":2356,"date":"2022-10-23T22:26:51","date_gmt":"2022-10-23T22:26:51","guid":{"rendered":"https:\/\/minutaregional.cl\/?p=2356"},"modified":"2022-10-23T22:27:54","modified_gmt":"2022-10-23T22:27:54","slug":"diputado-manouchehri-fue-un-error-eliminar-la-pena-de-muerte","status":"publish","type":"post","link":"https:\/\/minutaregional.cl\/?p=2356","title":{"rendered":"Diputado Manouchehri: \u201cFue un error eliminar la pena de muerte\u201d"},"content":{"rendered":"<p style=\"text-align: justify;\"><i>El legislador socialista vot\u00f3 en contra del proyecto que elimina la pena de muerte en la justicia militar y el registro de su intervenci\u00f3n fue viralizado en TikTok, superando las 140 mil reproducciones.<\/i><\/p>\n<p style=\"text-align: justify;\">El diputado socialista Daniel Manouchehri intervino en la votaci\u00f3n del proyecto que modifica el C\u00f3digo de Justicia Militar para eliminar la pena de muerte. Si bien fue aprobada por la Sala de la C\u00e1mara de Diputadas y Diputados, el legislador vot\u00f3 en contra de la moci\u00f3n.<\/p>\n<p style=\"text-align: justify;\">\u201cEn primer t\u00e9rmino, considero que en caso de una guerra debe existir la posibilidad de aplicar la m\u00e1xima pena en casos graves, como la sedici\u00f3n o la traici\u00f3n a la patria. Y en segundo lugar, lo har\u00e9 por una se\u00f1al simb\u00f3lica. Quiero decirlo con mucha responsabilidad:\u00a0<b>nuestro pa\u00eds cometi\u00f3 un error al eliminar la pena de muerte para cr\u00edmenes graves<\/b>\u201d, argument\u00f3 Manouchehri en su intervenci\u00f3n.<\/p>\n<p style=\"text-align: justify;\">Asimismo, el diputado PS agreg\u00f3 que \u201cen nuestro pa\u00eds\u00a0<b>hemos tenido cr\u00edmenes de psic\u00f3patas que han violado, torturado y luego asesinado a ni\u00f1os y ni\u00f1as<\/b>. Quiero decirlo con completa responsabilidad y convicci\u00f3n:\u00a0<b>esos criminales debieron ser condenados a pena de muerte<\/b>\u201d.<\/p>\n<p style=\"text-align: justify;\">El diputado por la Regi\u00f3n de Coquimbo marc\u00f3 dos hitos con su alocuci\u00f3n en la Sala. Durante la semana se viraliz\u00f3 el registro de la intervenci\u00f3n en\u00a0<i>TikTok<\/i>, alcanzando hasta el momento las 142 mil reproducciones y m\u00e1s de 10 mil \u201cme gusta\u201d. A su vez, es el primer parlamentario de izquierda que se manifiesta a favor de la pena de muerte durante este periodo legislativo.<\/p>\n<p>Cabe destacar que, en los \u00faltimos tres meses, los videos del diputado Manouchehri han recibido m\u00e1s de 5 millones de visualizaciones org\u00e1nicas solo en\u00a0<i>TikTok<\/i>.<\/p>\n","protected":false},"excerpt":{"rendered":"<p>El legislador socialista vot\u00f3 en contra del proyecto que elimina la pena de muerte en la justicia militar y el registro de su intervenci\u00f3n fue viralizado en TikTok, superando las 140 mil reproducciones. El diputado socialista Daniel Manouchehri intervino en la votaci\u00f3n del proyecto que modifica el C\u00f3digo de Justicia<\/p>\n","protected":false},"author":1,"featured_media":2357,"comment_status":"closed","ping_status":"open","sticky":false,"template":"","format":"standard","meta":{"footnotes":""},"categories":[26],"tags":[],"class_list":["post-2356","post","type-post","status-publish","format-standard","has-post-thumbnail","hentry","category-camara-de-diputadas-y-diputados"],"_links":{"self":[{"href":"https:\/\/minutaregional.cl\/index.php?rest_route=\/wp\/v2\/posts\/2356","targetHints":{"allow":["GET"]}}],"collection":[{"href":"https:\/\/minutaregional.cl\/index.php?rest_route=\/wp\/v2\/posts"}],"about":[{"href":"https:\/\/minutaregional.cl\/index.php?rest_route=\/wp\/v2\/types\/post"}],"author":[{"embeddable":true,"href":"https:\/\/minutaregional.cl\/index.php?rest_route=\/wp\/v2\/users\/1"}],"replies":[{"embeddable":true,"href":"https:\/\/minutaregional.cl\/index.php?rest_route=%2Fwp%2Fv2%2Fcomments&post=2356"}],"version-history":[{"count":2,"href":"https:\/\/minutaregional.cl\/index.php?rest_route=\/wp\/v2\/posts\/2356\/revisions"}],"predecessor-version":[{"id":2359,"href":"https:\/\/minutaregional.cl\/index.php?rest_route=\/wp\/v2\/posts\/2356\/revisions\/2359"}],"wp:featuredmedia":[{"embeddable":true,"href":"https:\/\/minutaregional.cl\/index.php?rest_route=\/wp\/v2\/media\/2357"}],"wp:attachment":[{"href":"https:\/\/minutaregional.cl\/index.php?rest_route=%2Fwp%2Fv2%2Fmedia&parent=2356"}],"wp:term":[{"taxonomy":"category","embeddable":true,"href":"https:\/\/minutaregional.cl\/index.php?rest_route=%2Fwp%2Fv2%2Fcategories&post=2356"},{"taxonomy":"post_tag","embeddable":true,"href":"https:\/\/minutaregional.cl\/index.php?rest_route=%2Fwp%2Fv2%2Ftags&post=2356"}],"curies":[{"name":"wp","href":"https:\/\/api.w.org\/{rel}","templated":true}]}}