{"id":2345,"date":"2022-10-21T15:55:36","date_gmt":"2022-10-21T15:55:36","guid":{"rendered":"https:\/\/minutaregional.cl\/?p=2345"},"modified":"2022-10-21T15:55:36","modified_gmt":"2022-10-21T15:55:36","slug":"delegado-presidencial-ruben-quezada-queremos-que-las-personas-disfruten-del-evento-y-que-la-actividad-deportiva-sea-el-foco-de-la-jornada","status":"publish","type":"post","link":"https:\/\/minutaregional.cl\/?p=2345","title":{"rendered":"Delegado Presidencial Rub\u00e9n Quezada: \u201cQueremos que las personas disfruten del evento y que la actividad deportiva sea el foco de la jornada\u201d"},"content":{"rendered":"<audio class=\"wp-audio-shortcode\" id=\"audio-2345-1\" preload=\"none\" style=\"width: 100%;\" controls=\"controls\"><source type=\"audio\/mpeg\" src=\"https:\/\/minutaregional.cl\/wp-content\/uploads\/2022\/10\/ESTADIO-David-Diaz-Seguridad-Publica-Municipio-Coquimbo.mp3?_=1\" \/><a href=\"https:\/\/minutaregional.cl\/wp-content\/uploads\/2022\/10\/ESTADIO-David-Diaz-Seguridad-Publica-Municipio-Coquimbo.mp3\">https:\/\/minutaregional.cl\/wp-content\/uploads\/2022\/10\/ESTADIO-David-Diaz-Seguridad-Publica-Municipio-Coquimbo.mp3<\/a><\/audio>\n<p>AUDIO : David D\u00edaz Seguridad Publica Municipio Coquimbo<\/p>\n<audio class=\"wp-audio-shortcode\" id=\"audio-2345-2\" preload=\"none\" style=\"width: 100%;\" controls=\"controls\"><source type=\"audio\/mpeg\" src=\"https:\/\/minutaregional.cl\/wp-content\/uploads\/2022\/10\/ESTADIO-Delegado-Presidencial-Ruben-Quezada-1.mp3?_=2\" \/><a href=\"https:\/\/minutaregional.cl\/wp-content\/uploads\/2022\/10\/ESTADIO-Delegado-Presidencial-Ruben-Quezada-1.mp3\">https:\/\/minutaregional.cl\/wp-content\/uploads\/2022\/10\/ESTADIO-Delegado-Presidencial-Ruben-Quezada-1.mp3<\/a><\/audio>\n<p>AUDIO : Delegado Presidencial Ruben Quezada<\/p>\n<ul>\n<li style=\"text-align: justify;\"><strong><em>La autoridad regional revis\u00f3 las condiciones del estadio Francisco S\u00e1nchez Rumoroso de cara al duelo entre Coquimbo Unido y Colo Colo. Junto a Carabineros y el club organizador, se definieron una serie de medidas de seguridad para velar por el buen desarrollo del encuentro.<\/em><\/strong><\/li>\n<\/ul>\n<p style=\"text-align: justify;\"><strong>\u00a0<\/strong>Este domingo a las 15 horas se miden Coquimbo Unido y Colo Colo. Y como es la t\u00f3nica en estos eventos de gran convocatoria es que las autoridades definieron un r\u00edgido plan de seguridad.<\/p>\n<p style=\"text-align: justify;\"><strong>\u201cSe ha dispuesto de un despliegue que no solo durar\u00e1 los 90 minutos. Se estar\u00e1 trabajando los d\u00edas previos, en las concentraciones del hotel, los traslados de equipos y c\u00f3mo vamos a ir recibiendo y coordinando que todas las personas est\u00e9n bien ubicadas\u201d<\/strong>, inform\u00f3 el Delegado Presidencial Regional, Rub\u00e9n Quezada.<\/p>\n<p style=\"text-align: justify;\">Junto con Carabineros y el club aurinegro se determinaron una serie de acciones para garantizar el desarrollo de este juego, entre ellas la presencia de 120 guardias al interior del recinto, anillos de seguridad en las afueras del estadio y un fuerte despliegue en terreno, apoyado por efectivos policiales locales y de otras regiones.<\/p>\n<p style=\"text-align: justify;\"><strong>\u201cTomaremos los resguardos pertinentes. Habr\u00e1 controles de rutas en las horas previas, instalaci\u00f3n de servicios en el aeropuerto y el hotel, ser\u00e1 un servicio integral\u201d<\/strong>, detall\u00f3 el Jefe de la IV Zona de Carabineros, General Rodrigo Espinoza.<\/p>\n<p style=\"text-align: justify;\">En este sentido, el Delegado Rub\u00e9n Quezada enfatiz\u00f3 que <strong>\u201cqueremos que este evento sea noticia por la alta calidad del juego y no por las incivilidades o destrozos. Las puertas del estadio se abrir\u00e1n desde mediod\u00eda por lo que el llamado es a planificar la llegada para que las personas disfruten del evento y que la actividad deportiva sea el foco de la jornada\u201d<\/strong>.<\/p>\n<p style=\"text-align: justify;\">Si bien el aforo para este partido es de poco m\u00e1s de 11 mil personas, cabe recordar que no se permitir\u00e1 el ingreso de p\u00fablico visitante. Sin embargo, ante eventuales manifestaciones, el General Espinoza subray\u00f3 que <strong>\u201cestamos orientados a que el evento se desarrolle con normalidad, pero tambi\u00e9n que el entorno no se vea alterado y en ese sentido, nos hemos planificado con refuerzos y resguardar eventuales celebraciones, alrededor del estadio o en otro punto de la conurbaci\u00f3n\u201d<\/strong>.<\/p>\n<p style=\"text-align: justify;\">Por su parte, desde el Municipio de Coquimbo, el Jefe del Departamento de Seguridad, David D\u00edaz, coment\u00f3 que <strong>\u201cvamos a brindar todo el respaldo con apoyo del personal y nuestros drones desplegados en el territorio. Adem\u00e1s, estaremos presentes en diversos puntos de la comuna para que no queden requerimientos de seguridad sin atender\u201d<\/strong>.<\/p>\n","protected":false},"excerpt":{"rendered":"<p>AUDIO : David D\u00edaz Seguridad Publica Municipio Coquimbo AUDIO : Delegado Presidencial Ruben Quezada La autoridad regional revis\u00f3 las condiciones del estadio Francisco S\u00e1nchez Rumoroso de cara al duelo entre Coquimbo Unido y Colo Colo. Junto a Carabineros y el club organizador, se definieron una serie de medidas de seguridad<\/p>\n","protected":false},"author":1,"featured_media":2346,"comment_status":"closed","ping_status":"open","sticky":false,"template":"","format":"standard","meta":{"footnotes":""},"categories":[36,21],"tags":[],"class_list":["post-2345","post","type-post","status-publish","format-standard","has-post-thumbnail","hentry","category-dppcoquimbo","category-municipalidades"],"_links":{"self":[{"href":"https:\/\/minutaregional.cl\/index.php?rest_route=\/wp\/v2\/posts\/2345","targetHints":{"allow":["GET"]}}],"collection":[{"href":"https:\/\/minutaregional.cl\/index.php?rest_route=\/wp\/v2\/posts"}],"about":[{"href":"https:\/\/minutaregional.cl\/index.php?rest_route=\/wp\/v2\/types\/post"}],"author":[{"embeddable":true,"href":"https:\/\/minutaregional.cl\/index.php?rest_route=\/wp\/v2\/users\/1"}],"replies":[{"embeddable":true,"href":"https:\/\/minutaregional.cl\/index.php?rest_route=%2Fwp%2Fv2%2Fcomments&post=2345"}],"version-history":[{"count":1,"href":"https:\/\/minutaregional.cl\/index.php?rest_route=\/wp\/v2\/posts\/2345\/revisions"}],"predecessor-version":[{"id":2349,"href":"https:\/\/minutaregional.cl\/index.php?rest_route=\/wp\/v2\/posts\/2345\/revisions\/2349"}],"wp:featuredmedia":[{"embeddable":true,"href":"https:\/\/minutaregional.cl\/index.php?rest_route=\/wp\/v2\/media\/2346"}],"wp:attachment":[{"href":"https:\/\/minutaregional.cl\/index.php?rest_route=%2Fwp%2Fv2%2Fmedia&parent=2345"}],"wp:term":[{"taxonomy":"category","embeddable":true,"href":"https:\/\/minutaregional.cl\/index.php?rest_route=%2Fwp%2Fv2%2Fcategories&post=2345"},{"taxonomy":"post_tag","embeddable":true,"href":"https:\/\/minutaregional.cl\/index.php?rest_route=%2Fwp%2Fv2%2Ftags&post=2345"}],"curies":[{"name":"wp","href":"https:\/\/api.w.org\/{rel}","templated":true}]}}