{"id":2342,"date":"2022-10-21T15:33:13","date_gmt":"2022-10-21T15:33:13","guid":{"rendered":"https:\/\/minutaregional.cl\/?p=2342"},"modified":"2022-10-21T15:33:13","modified_gmt":"2022-10-21T15:33:13","slug":"canela-sera-sede-extension-del-festival-internacional-de-cine-de-la-serena","status":"publish","type":"post","link":"https:\/\/minutaregional.cl\/?p=2342","title":{"rendered":"CANELA SER\u00c1 SEDE EXTENSI\u00d3N DEL FESTIVAL INTERNACIONAL DE CINE DE LA SERENA"},"content":{"rendered":"<p style=\"text-align: justify;\">A\u00f1o a a\u00f1o, el Festival Internacional de Cine de La Serena (FECILS) ha promovido un nutrido programa de exhibiciones, que se extiende a otras comunas de la regi\u00f3n de Coquimbo, logrando concretar uno de los principales prop\u00f3sitos y desaf\u00edos del festival: acercar el s\u00e9ptimo arte al p\u00fablico local, promoviendo su acceso e impulsando el desarrollo de un capital cultural y en esta ocasi\u00f3n llega por primera vez como sede de extensi\u00f3n a la comuna de Canela las fechas de muestra de producciones audiovisuales ser\u00e1n este jueves 27 y viernes 28 de octubre en el Sal\u00f3n Cultural, gracias a la gesti\u00f3n de la municipalidad de Canela encabezada por su alcalde Bernardo Leyton.<\/p>\n<p style=\"text-align: justify;\">Mat\u00edas Parra quien es coordinador de p\u00fablico del FECILS hace la invitaci\u00f3n a la comunidad de Canela a ser part\u00edcipes de esta iniciativa cultural \u201cQuisiera invitar a toda la comunidad de Canela a participar de las exhibiciones que estaremos realizando en su comunidad, dentro de nuestras exhibiciones centrales se encuentra la sala aula magna de la Universidad de La Serena y el Museo Arqueol\u00f3gico sin embargo contamos con extensiones regionales donde se encuentra entre ellas la comunidad de Canela donde estaremos exhibiendo en el Sal\u00f3n cultural de Canela\u201d.<\/p>\n<p style=\"text-align: justify;\">El festival de cine internacional nace al a\u00f1o 2015 en la regi\u00f3n de Coquimbo buscando impulsar y descentralizar la producci\u00f3n audiovisual regional, nacional e internacional a trav\u00e9s de la organizaci\u00f3n de un certamen de car\u00e1cter competitivo, que sirve como punto de encuentro de la escena audiovisual directores, actores, tanto de nivel regional como nacional e internacional.<\/p>\n<p style=\"text-align: justify;\">\n","protected":false},"excerpt":{"rendered":"<p>A\u00f1o a a\u00f1o, el Festival Internacional de Cine de La Serena (FECILS) ha promovido un nutrido programa de exhibiciones, que se extiende a otras comunas de la regi\u00f3n de Coquimbo, logrando concretar uno de los principales prop\u00f3sitos y desaf\u00edos del festival: acercar el s\u00e9ptimo arte al p\u00fablico local, promoviendo su<\/p>\n","protected":false},"author":1,"featured_media":2343,"comment_status":"closed","ping_status":"open","sticky":false,"template":"","format":"standard","meta":{"footnotes":""},"categories":[1],"tags":[],"class_list":["post-2342","post","type-post","status-publish","format-standard","has-post-thumbnail","hentry","category-noticias-regionales"],"_links":{"self":[{"href":"https:\/\/minutaregional.cl\/index.php?rest_route=\/wp\/v2\/posts\/2342","targetHints":{"allow":["GET"]}}],"collection":[{"href":"https:\/\/minutaregional.cl\/index.php?rest_route=\/wp\/v2\/posts"}],"about":[{"href":"https:\/\/minutaregional.cl\/index.php?rest_route=\/wp\/v2\/types\/post"}],"author":[{"embeddable":true,"href":"https:\/\/minutaregional.cl\/index.php?rest_route=\/wp\/v2\/users\/1"}],"replies":[{"embeddable":true,"href":"https:\/\/minutaregional.cl\/index.php?rest_route=%2Fwp%2Fv2%2Fcomments&post=2342"}],"version-history":[{"count":1,"href":"https:\/\/minutaregional.cl\/index.php?rest_route=\/wp\/v2\/posts\/2342\/revisions"}],"predecessor-version":[{"id":2344,"href":"https:\/\/minutaregional.cl\/index.php?rest_route=\/wp\/v2\/posts\/2342\/revisions\/2344"}],"wp:featuredmedia":[{"embeddable":true,"href":"https:\/\/minutaregional.cl\/index.php?rest_route=\/wp\/v2\/media\/2343"}],"wp:attachment":[{"href":"https:\/\/minutaregional.cl\/index.php?rest_route=%2Fwp%2Fv2%2Fmedia&parent=2342"}],"wp:term":[{"taxonomy":"category","embeddable":true,"href":"https:\/\/minutaregional.cl\/index.php?rest_route=%2Fwp%2Fv2%2Fcategories&post=2342"},{"taxonomy":"post_tag","embeddable":true,"href":"https:\/\/minutaregional.cl\/index.php?rest_route=%2Fwp%2Fv2%2Ftags&post=2342"}],"curies":[{"name":"wp","href":"https:\/\/api.w.org\/{rel}","templated":true}]}}