{"id":2336,"date":"2022-10-20T13:35:08","date_gmt":"2022-10-20T13:35:08","guid":{"rendered":"https:\/\/minutaregional.cl\/?p=2336"},"modified":"2022-10-20T13:38:18","modified_gmt":"2022-10-20T13:38:18","slug":"con-mas-de-2-mil-millones-en-cocaina-cae-organizacion-que-utilizaba-la-zona-para-acopio-y-distribucion-de-droga-a-otras-regiones","status":"publish","type":"post","link":"https:\/\/minutaregional.cl\/?p=2336","title":{"rendered":"Con m\u00e1s de $2 mil millones en coca\u00edna, cae organizaci\u00f3n que utilizaba la zona para acopio y distribuci\u00f3n de droga a otras regiones"},"content":{"rendered":"<audio class=\"wp-audio-shortcode\" id=\"audio-2336-1\" preload=\"none\" style=\"width: 100%;\" controls=\"controls\"><source type=\"audio\/mpeg\" src=\"https:\/\/minutaregional.cl\/wp-content\/uploads\/2022\/10\/OS7-CARABINEROS-Claudio-Correa-Fiscal-s-Coquimbo.mp3?_=1\" \/><a href=\"https:\/\/minutaregional.cl\/wp-content\/uploads\/2022\/10\/OS7-CARABINEROS-Claudio-Correa-Fiscal-s-Coquimbo.mp3\">https:\/\/minutaregional.cl\/wp-content\/uploads\/2022\/10\/OS7-CARABINEROS-Claudio-Correa-Fiscal-s-Coquimbo.mp3<\/a><\/audio>\n<p>AUDIO: \u00a0Claudio Correa Fiscal s Coquimbo<\/p>\n<ul>\n<li style=\"text-align: justify;\"><strong><em>Carabineros desbarat\u00f3 a una banda compuesta por 11 personas. La incautaci\u00f3n arroj\u00f3 tambi\u00e9n dinero en efectivo, veh\u00edculos y diverso armamento.<\/em><\/strong><\/li>\n<\/ul>\n<p style=\"text-align: justify;\">Luego de dos a\u00f1os de minucioso trabajo investigativo, el OS7 de Carabineros dio un importante golpe al narcotr\u00e1fico.<\/p>\n<p style=\"text-align: justify;\">Y es que seis armas, siete veh\u00edculos, diversas especies tecnol\u00f3gicas y 322 kilos de droga, entre ellas m\u00e1s de $2 mil millones en coca\u00edna, fueron incautados a una banda que, tal como detall\u00f3 el General Rodrigo Espinoza, Jefe de la IV Zona de Carabineros, <strong>\u201crepresenta una tremenda se\u00f1al de tranquilidad para la comunidad. Tras dos a\u00f1os y medio de un trabajo coordinado entre carabineros del OS7 Coquimbo y el Ministerio P\u00fablico, logramos desbaratar una organizaci\u00f3n criminal vinculada al narcotr\u00e1fico y lavado de activos, que utilizaba la Regi\u00f3n de Coquimbo como centro de acopio para distribuir en la Regi\u00f3n Metropolitana, la droga que tra\u00edan desde el norte del pa\u00eds\u201d<\/strong>.<\/p>\n<p style=\"text-align: justify;\">El General explic\u00f3 que fueron \u00a0once personas detenidas, 3 mujeres y 8 hombres, todos con edades entre 21 y 58 a\u00f1os, y de los cuales son 3 chilenos y 8 extranjeros, cuatro de ellos est\u00e1n en el pa\u00eds de manera irregular. Todos deber\u00e1n enfrentar a la Justicia este jueves, cuando se concrete su control de detenci\u00f3n.<\/p>\n<p style=\"text-align: justify;\">En este sentido, Claudio Correa, Fiscal (s) Regional, <strong>\u201cfue ampliada su detenci\u00f3n para este jueves y se est\u00e1 a la espera de poder formalizar respecto de los distintos il\u00edcitos cometidos. Es una banda sofisticada, evidentemente una organizaci\u00f3n importante donde se encontraron tres tipos de droga, m\u00e1s de 86 millones de pesos en efectivo, armas de fuego que estaban con encargo. Se ha dado un golpe duro con este trabajo sostenido y colaborativo por m\u00e1s de dos a\u00f1os\u201d<\/strong>, puntualiz\u00f3.<\/p>\n<p style=\"text-align: justify;\">Para el \u00e9xito de este procedimiento, se realizaron allanamientos simult\u00e1neos en distintos puntos de La Serena y Coquimbo, tanto en \u00e1reas urbanas como rurales, adem\u00e1s de un ingreso en la comuna de San Joaqu\u00edn, en la Regi\u00f3n Metropolitana, donde ten\u00edan su centro de operaciones.<\/p>\n<p style=\"text-align: justify;\"><strong>\u201cEsta es una investigaci\u00f3n muy importante, que signific\u00f3 un amplio despliegue de recursos, con apoyo de secciones incluso de otras regiones y donde tambi\u00e9n trabajamos con la tecnolog\u00eda de los drones de la Delegaci\u00f3n Presidencial, que nos permiti\u00f3 sacar de circulaci\u00f3n m\u00e1s de un mill\u00f3n de dosis de droga. Esto equivale a cerca de 322 kilos de distintas sustancias que evitamos que llegaran a los barrios de nuestro pa\u00eds\u201d<\/strong>, sostuvo el jefe de la IV Zona de Carabineros Coquimbo, General Rodrigo Espinoza.<\/p>\n<p style=\"text-align: justify;\">En tanto, el Delegado Presidencial Regional, Rub\u00e9n Quezada, destac\u00f3 el procedimiento y su significado para la seguridad de la comunidad. <strong>\u201cEl trabajo conjunto de Carabineros, Fiscal\u00eda y el aporte que pueda realizar la Delegaci\u00f3n Presidencial, da frutos en materia de poder decomisar veh\u00edculos, droga, pasta base, que est\u00e1 en nuestras poblaciones, poder decomisar dinero en efectivo y sobre todo, poner a disposici\u00f3n de la Justicia no a un delincuente menor, sino a las personas que est\u00e1n encargadas de organizar, de distribuir, que son las personas que gran da\u00f1o le hacen a nuestra sociedad\u201d<\/strong>, indic\u00f3.<\/p>\n<p style=\"text-align: justify;\">Adem\u00e1s, el Delegado Quezada se refiri\u00f3 al compromiso del Gobierno contra el crimen organizado. En esta l\u00ednea, enfatiz\u00f3 que <strong>\u201ceste trabajo requiere el tiempo y el esfuerzo, y estamos trabajando para aquello, para revertir este c\u00edrculo en el cual se concretan detenciones, pero que finalmente no se traducen en mejoras de la seguridad ciudadana. Estamos comprometidos con un cambio de estrategia, a nivel central estamos fortaleciendo tambi\u00e9n las capacidades para enfrentar el crimen organizado, por lo tanto, esperamos que en el avance, tanto de la agenda legislativa como el trabajo conjunto con las distintas instituciones, nos permita entregarle m\u00e1s tranquilidad a la ciudadan\u00eda\u201d<\/strong>, puntualiz\u00f3.<\/p>\n","protected":false},"excerpt":{"rendered":"<p>AUDIO: \u00a0Claudio Correa Fiscal s Coquimbo Carabineros desbarat\u00f3 a una banda compuesta por 11 personas. La incautaci\u00f3n arroj\u00f3 tambi\u00e9n dinero en efectivo, veh\u00edculos y diverso armamento. Luego de dos a\u00f1os de minucioso trabajo investigativo, el OS7 de Carabineros dio un importante golpe al narcotr\u00e1fico. Y es que seis armas, siete<\/p>\n","protected":false},"author":1,"featured_media":2337,"comment_status":"closed","ping_status":"open","sticky":false,"template":"","format":"standard","meta":{"footnotes":""},"categories":[36,1],"tags":[],"class_list":["post-2336","post","type-post","status-publish","format-standard","has-post-thumbnail","hentry","category-dppcoquimbo","category-noticias-regionales"],"_links":{"self":[{"href":"https:\/\/minutaregional.cl\/index.php?rest_route=\/wp\/v2\/posts\/2336","targetHints":{"allow":["GET"]}}],"collection":[{"href":"https:\/\/minutaregional.cl\/index.php?rest_route=\/wp\/v2\/posts"}],"about":[{"href":"https:\/\/minutaregional.cl\/index.php?rest_route=\/wp\/v2\/types\/post"}],"author":[{"embeddable":true,"href":"https:\/\/minutaregional.cl\/index.php?rest_route=\/wp\/v2\/users\/1"}],"replies":[{"embeddable":true,"href":"https:\/\/minutaregional.cl\/index.php?rest_route=%2Fwp%2Fv2%2Fcomments&post=2336"}],"version-history":[{"count":3,"href":"https:\/\/minutaregional.cl\/index.php?rest_route=\/wp\/v2\/posts\/2336\/revisions"}],"predecessor-version":[{"id":2341,"href":"https:\/\/minutaregional.cl\/index.php?rest_route=\/wp\/v2\/posts\/2336\/revisions\/2341"}],"wp:featuredmedia":[{"embeddable":true,"href":"https:\/\/minutaregional.cl\/index.php?rest_route=\/wp\/v2\/media\/2337"}],"wp:attachment":[{"href":"https:\/\/minutaregional.cl\/index.php?rest_route=%2Fwp%2Fv2%2Fmedia&parent=2336"}],"wp:term":[{"taxonomy":"category","embeddable":true,"href":"https:\/\/minutaregional.cl\/index.php?rest_route=%2Fwp%2Fv2%2Fcategories&post=2336"},{"taxonomy":"post_tag","embeddable":true,"href":"https:\/\/minutaregional.cl\/index.php?rest_route=%2Fwp%2Fv2%2Ftags&post=2336"}],"curies":[{"name":"wp","href":"https:\/\/api.w.org\/{rel}","templated":true}]}}