{"id":2330,"date":"2022-10-19T20:33:52","date_gmt":"2022-10-19T20:33:52","guid":{"rendered":"https:\/\/minutaregional.cl\/?p=2330"},"modified":"2022-10-19T20:33:52","modified_gmt":"2022-10-19T20:33:52","slug":"28-extranjeros-denunciados-por-ingreso-irregular-a-chile-tras-operativo-en-salamanca","status":"publish","type":"post","link":"https:\/\/minutaregional.cl\/?p=2330","title":{"rendered":"28 EXTRANJEROS DENUNCIADOS POR INGRESO IRREGULAR A CHILE TRAS OPERATIVO EN SALAMANCA"},"content":{"rendered":"<p style=\"text-align: justify;\">Detectives de la Brigada de Investigaci\u00f3n Criminal Illapel y Los Vilos realizaron el procedimiento en un cit\u00e9, control que surge de los di\u00e1logos de seguridad p\u00fablica con los vecinos de la provincia de Choapa.<\/p>\n<p style=\"text-align: justify;\">Durante dos d\u00edas se desarroll\u00f3 el operativo masivo de la PDI, en la localidad \u201cEl Tambo\u201d de la comuna de Salamanca, luego del an\u00e1lisis criminal e inteligencia policial que desarrollaron los detectives en base a informaci\u00f3n relevante que aport\u00f3 la comunidad sobre un cit\u00e9 donde resid\u00edan extranjeros.<\/p>\n<p style=\"text-align: justify;\"><strong>\u201cEl procedimiento surge de los di\u00e1logos ciudadanos que desarrollamos junto a la Delegaci\u00f3n Presidencial en el territorio, logrando detectar la presencia de 28 ciudadanos de nacionalidad boliviana que ingresaron a Chile por un Paso No Habilitado y todos se encuentran en forma irregular por lo que ser\u00e1n denunciados a la autoridad administrativa\u201d<\/strong>, se\u00f1al\u00f3 el Prefecto Luis Romero, jefe (s) de la Prefectura Provincial de Choapa.<\/p>\n<p style=\"text-align: justify;\">Durante la fiscalizaci\u00f3n, planificada por los detectives de la Secci\u00f3n Migraciones y Polic\u00eda Internacional Illapel, se estableci\u00f3 que los migrantes viven en precarias condiciones en el inmueble de residencia, en un sitio de la calle Luis Cruz Mart\u00ednez, en la comuna minera y agr\u00edcola.<\/p>\n<p style=\"text-align: justify;\"><strong>\u201cLas diligencias investigativas contin\u00faan para ubicar a los responsables que habr\u00edan ofrecido esta residencia a los extranjeros que viven en un cit\u00e9\u201d,<\/strong> se\u00f1al\u00f3 tras el procedimiento, el Subcomisario V\u00edctor Muga de la Secci\u00f3n Migraciones y Polic\u00eda Internacional Illapel.<\/p>\n<p style=\"text-align: justify;\">Adem\u00e1s de mantener el seguimiento del caso, la PDI hace un llamado para realizar las denuncias oportunamente y de forma presencial, en el complejo policial m\u00e1s cercano, y tambi\u00e9n se invita a los vecinos para que participen en las convocatorias comunales de seguridad p\u00fablica, donde la comunidad y las autoridades pueden proporcionar la mayor cantidad de antecedentes que ayuden a detectar delitos o iniciar investigaciones efectivas.<\/p>\n","protected":false},"excerpt":{"rendered":"<p>Detectives de la Brigada de Investigaci\u00f3n Criminal Illapel y Los Vilos realizaron el procedimiento en un cit\u00e9, control que surge de los di\u00e1logos de seguridad p\u00fablica con los vecinos de la provincia de Choapa. Durante dos d\u00edas se desarroll\u00f3 el operativo masivo de la PDI, en la localidad \u201cEl Tambo\u201d<\/p>\n","protected":false},"author":1,"featured_media":2331,"comment_status":"closed","ping_status":"open","sticky":false,"template":"","format":"standard","meta":{"footnotes":""},"categories":[14],"tags":[],"class_list":["post-2330","post","type-post","status-publish","format-standard","has-post-thumbnail","hentry","category-pdi"],"_links":{"self":[{"href":"https:\/\/minutaregional.cl\/index.php?rest_route=\/wp\/v2\/posts\/2330","targetHints":{"allow":["GET"]}}],"collection":[{"href":"https:\/\/minutaregional.cl\/index.php?rest_route=\/wp\/v2\/posts"}],"about":[{"href":"https:\/\/minutaregional.cl\/index.php?rest_route=\/wp\/v2\/types\/post"}],"author":[{"embeddable":true,"href":"https:\/\/minutaregional.cl\/index.php?rest_route=\/wp\/v2\/users\/1"}],"replies":[{"embeddable":true,"href":"https:\/\/minutaregional.cl\/index.php?rest_route=%2Fwp%2Fv2%2Fcomments&post=2330"}],"version-history":[{"count":1,"href":"https:\/\/minutaregional.cl\/index.php?rest_route=\/wp\/v2\/posts\/2330\/revisions"}],"predecessor-version":[{"id":2332,"href":"https:\/\/minutaregional.cl\/index.php?rest_route=\/wp\/v2\/posts\/2330\/revisions\/2332"}],"wp:featuredmedia":[{"embeddable":true,"href":"https:\/\/minutaregional.cl\/index.php?rest_route=\/wp\/v2\/media\/2331"}],"wp:attachment":[{"href":"https:\/\/minutaregional.cl\/index.php?rest_route=%2Fwp%2Fv2%2Fmedia&parent=2330"}],"wp:term":[{"taxonomy":"category","embeddable":true,"href":"https:\/\/minutaregional.cl\/index.php?rest_route=%2Fwp%2Fv2%2Fcategories&post=2330"},{"taxonomy":"post_tag","embeddable":true,"href":"https:\/\/minutaregional.cl\/index.php?rest_route=%2Fwp%2Fv2%2Ftags&post=2330"}],"curies":[{"name":"wp","href":"https:\/\/api.w.org\/{rel}","templated":true}]}}