{"id":2327,"date":"2022-10-19T20:11:10","date_gmt":"2022-10-19T20:11:10","guid":{"rendered":"https:\/\/minutaregional.cl\/?p=2327"},"modified":"2022-10-19T20:12:17","modified_gmt":"2022-10-19T20:12:17","slug":"diputado-manouchehri-es-momento-de-un-gran-acuerdo-que-impulse-los-cambios-que-chile-necesita","status":"publish","type":"post","link":"https:\/\/minutaregional.cl\/?p=2327","title":{"rendered":"Diputado Manouchehri: \u201cEs momento de un gran acuerdo que impulse los cambios que Chile necesita\u201d"},"content":{"rendered":"<p style=\"text-align: justify;\">En el contexto del tercer aniversario del 18 octubre, hito del denominado \u201cEstallido social\u201d de 2019, el diputado socialista Daniel Manouchehri llam\u00f3 a la clase pol\u00edtica a un gran acuerdo para atender las demandas sociales que salieron a la palestra.<\/p>\n<p style=\"text-align: justify;\">\u201cNecesitamos m\u00e1s que nunca entender que no debe ser necesario que la gente asedie el Congreso con antorchas para poder avanzar en los cambios que el pa\u00eds necesita. La pol\u00edtica debe entenderlo o asumir los costos.\u00a0 Es por eso que hacemos un llamado a poder impulsar los cambios que Chile necesita con grandes acuerdos nacionales\u201d, indic\u00f3 el legislador de la Regi\u00f3n de Coquimbo.<\/p>\n<p style=\"text-align: justify;\">En l\u00ednea con el llamado, acompa\u00f1ado por la Bancada PS, Manouchehri destac\u00f3 que \u201cel \u2018Estallido social\u2019 fue una expresi\u00f3n de rabia de los chilenos. Pasamos de la rabia a la esperanza con el plebiscito y la elecci\u00f3n de la convenci\u00f3n constitucional, para luego pasar a la frustraci\u00f3n con el rechazo. No podemos como sociedad pasar del \u2018no lo vimos venir\u2019 al \u2018aqu\u00ed no ha pasado nada\u2019.\u00a0 Hoy d\u00eda hay que forjar un nuevo horizonte\u201d.<\/p>\n<p style=\"text-align: justify;\">\u201cA 3 a\u00f1os del \u2018Estallido social\u2019, los cambios que la gente quiere a\u00fan no han llegado\u201d, emplaz\u00f3 el parlamentario. \u201cLa desigualdad no ha cambiado su rumbo y el negocio de los derechos sociales sigue absolutamente consolidado. La dignidad pareciera ser solo un slogan\u201d, subray\u00f3.<\/p>\n<p>&nbsp;<\/p>\n<p>&nbsp;<\/p>\n<p>&nbsp;<\/p>\n<p>&nbsp;<\/p>\n<p><strong>\u00a0<\/strong><\/p>\n","protected":false},"excerpt":{"rendered":"<p>En el contexto del tercer aniversario del 18 octubre, hito del denominado \u201cEstallido social\u201d de 2019, el diputado socialista Daniel Manouchehri llam\u00f3 a la clase pol\u00edtica a un gran acuerdo para atender las demandas sociales que salieron a la palestra. \u201cNecesitamos m\u00e1s que nunca entender que no debe ser necesario<\/p>\n","protected":false},"author":1,"featured_media":2328,"comment_status":"closed","ping_status":"open","sticky":false,"template":"","format":"standard","meta":{"footnotes":""},"categories":[26],"tags":[],"class_list":["post-2327","post","type-post","status-publish","format-standard","has-post-thumbnail","hentry","category-camara-de-diputadas-y-diputados"],"_links":{"self":[{"href":"https:\/\/minutaregional.cl\/index.php?rest_route=\/wp\/v2\/posts\/2327","targetHints":{"allow":["GET"]}}],"collection":[{"href":"https:\/\/minutaregional.cl\/index.php?rest_route=\/wp\/v2\/posts"}],"about":[{"href":"https:\/\/minutaregional.cl\/index.php?rest_route=\/wp\/v2\/types\/post"}],"author":[{"embeddable":true,"href":"https:\/\/minutaregional.cl\/index.php?rest_route=\/wp\/v2\/users\/1"}],"replies":[{"embeddable":true,"href":"https:\/\/minutaregional.cl\/index.php?rest_route=%2Fwp%2Fv2%2Fcomments&post=2327"}],"version-history":[{"count":1,"href":"https:\/\/minutaregional.cl\/index.php?rest_route=\/wp\/v2\/posts\/2327\/revisions"}],"predecessor-version":[{"id":2329,"href":"https:\/\/minutaregional.cl\/index.php?rest_route=\/wp\/v2\/posts\/2327\/revisions\/2329"}],"wp:featuredmedia":[{"embeddable":true,"href":"https:\/\/minutaregional.cl\/index.php?rest_route=\/wp\/v2\/media\/2328"}],"wp:attachment":[{"href":"https:\/\/minutaregional.cl\/index.php?rest_route=%2Fwp%2Fv2%2Fmedia&parent=2327"}],"wp:term":[{"taxonomy":"category","embeddable":true,"href":"https:\/\/minutaregional.cl\/index.php?rest_route=%2Fwp%2Fv2%2Fcategories&post=2327"},{"taxonomy":"post_tag","embeddable":true,"href":"https:\/\/minutaregional.cl\/index.php?rest_route=%2Fwp%2Fv2%2Ftags&post=2327"}],"curies":[{"name":"wp","href":"https:\/\/api.w.org\/{rel}","templated":true}]}}