{"id":2324,"date":"2022-10-19T18:08:36","date_gmt":"2022-10-19T18:08:36","guid":{"rendered":"https:\/\/minutaregional.cl\/?p=2324"},"modified":"2022-10-19T18:08:36","modified_gmt":"2022-10-19T18:08:36","slug":"diputado-manouchehri-por-dichos-de-alcalde-jadue-si-no-va-a-aportar-que-no-aportille","status":"publish","type":"post","link":"https:\/\/minutaregional.cl\/?p=2324","title":{"rendered":"Diputado Manouchehri por dichos de alcalde Jadue: \u201cSi no va a aportar, que no aportille\u201d"},"content":{"rendered":"<p style=\"text-align: justify;\">El diputado socialista Daniel Manouchehri sali\u00f3 al paso a las declaraciones del alcalde de Recoleta, Daniel Jadue, sobre la acci\u00f3n policial durante la jornada del 18 de octubre. \u201cEl se\u00f1or Jadue habla por la herida. Nosotros lo llamar\u00edamos primero a actuar con m\u00e1s lealtad y decirle que si no va a aportar, no aportille\u201d, se\u00f1al\u00f3.<\/p>\n<p style=\"text-align: justify;\">Las declaraciones del regidor capitalino generaron diversas reacciones, dado que compar\u00f3 al gobierno del Presidente Gabriel Boric con el del ex mandatario Sebasti\u00e1n Pi\u00f1era, indicando que \u201cla represi\u00f3n sigue intacta\u201d.<\/p>\n<p style=\"text-align: justify;\">En esta l\u00ednea, Manouchehri agreg\u00f3 que \u201cuno puede elegir en la vida dos cosas: ser parte de la soluci\u00f3n o ser parte del problema. El se\u00f1or Jadue hace harto rato ha elegido ser parte del problema\u00bb.<\/p>\n","protected":false},"excerpt":{"rendered":"<p>El diputado socialista Daniel Manouchehri sali\u00f3 al paso a las declaraciones del alcalde de Recoleta, Daniel Jadue, sobre la acci\u00f3n policial durante la jornada del 18 de octubre. \u201cEl se\u00f1or Jadue habla por la herida. Nosotros lo llamar\u00edamos primero a actuar con m\u00e1s lealtad y decirle que si no va<\/p>\n","protected":false},"author":1,"featured_media":2325,"comment_status":"closed","ping_status":"open","sticky":false,"template":"","format":"standard","meta":{"footnotes":""},"categories":[26],"tags":[],"class_list":["post-2324","post","type-post","status-publish","format-standard","has-post-thumbnail","hentry","category-camara-de-diputadas-y-diputados"],"_links":{"self":[{"href":"https:\/\/minutaregional.cl\/index.php?rest_route=\/wp\/v2\/posts\/2324","targetHints":{"allow":["GET"]}}],"collection":[{"href":"https:\/\/minutaregional.cl\/index.php?rest_route=\/wp\/v2\/posts"}],"about":[{"href":"https:\/\/minutaregional.cl\/index.php?rest_route=\/wp\/v2\/types\/post"}],"author":[{"embeddable":true,"href":"https:\/\/minutaregional.cl\/index.php?rest_route=\/wp\/v2\/users\/1"}],"replies":[{"embeddable":true,"href":"https:\/\/minutaregional.cl\/index.php?rest_route=%2Fwp%2Fv2%2Fcomments&post=2324"}],"version-history":[{"count":1,"href":"https:\/\/minutaregional.cl\/index.php?rest_route=\/wp\/v2\/posts\/2324\/revisions"}],"predecessor-version":[{"id":2326,"href":"https:\/\/minutaregional.cl\/index.php?rest_route=\/wp\/v2\/posts\/2324\/revisions\/2326"}],"wp:featuredmedia":[{"embeddable":true,"href":"https:\/\/minutaregional.cl\/index.php?rest_route=\/wp\/v2\/media\/2325"}],"wp:attachment":[{"href":"https:\/\/minutaregional.cl\/index.php?rest_route=%2Fwp%2Fv2%2Fmedia&parent=2324"}],"wp:term":[{"taxonomy":"category","embeddable":true,"href":"https:\/\/minutaregional.cl\/index.php?rest_route=%2Fwp%2Fv2%2Fcategories&post=2324"},{"taxonomy":"post_tag","embeddable":true,"href":"https:\/\/minutaregional.cl\/index.php?rest_route=%2Fwp%2Fv2%2Ftags&post=2324"}],"curies":[{"name":"wp","href":"https:\/\/api.w.org\/{rel}","templated":true}]}}