{"id":2321,"date":"2022-10-16T15:46:20","date_gmt":"2022-10-16T15:46:20","guid":{"rendered":"https:\/\/minutaregional.cl\/?p=2321"},"modified":"2022-10-16T15:46:20","modified_gmt":"2022-10-16T15:46:20","slug":"gobierno-lanza-plataforma-chileavanzando-cl-con-127-medidas-y-beneficios-que-se-han-trabajado-en-sus-primeros-siete-meses","status":"publish","type":"post","link":"https:\/\/minutaregional.cl\/?p=2321","title":{"rendered":"Gobierno lanza plataforma ChileAvanzando.cl con 127 medidas y beneficios que se han trabajado en sus primeros siete meses"},"content":{"rendered":"<p style=\"text-align: justify;\">En el marco de la presentaci\u00f3n de su primer Proyecto de Ley de Presupuesto, el Gobierno lanz\u00f3 la plataforma chileavanzando.cl, en la que todas las personas podr\u00e1n conocer 127 avances y beneficios desarrollados -de los cuales 13 se encuentran en tr\u00e1mite.<\/p>\n<p style=\"text-align: justify;\">En este sitio web las personas podr\u00e1n conocer todos los avances y beneficios entregados por el Gobierno del Presidente Gabriel Boric que est\u00e1n disponibles, y verificar si pueden acceder a ellos. El objetivo es promover el acceso de manera activa y transparente de toda la ciudadan\u00eda a la informaci\u00f3n detallada de estas medidas, y que se mantenga al tanto del trabajo que se est\u00e1 realizando.<\/p>\n<p style=\"text-align: justify;\">\u00abEste es un esfuerzo que estamos haciendo como Gobierno para consolidar y dar a conocer el trabajo que hemo desarrollado en estos 7 meses. Tambi\u00e9n queremos acercar la informaci\u00f3n y beneficios que disponemos para las personas, como la extensi\u00f3n del posnatal de emergencia, por lo que invitamos a todos a visitar chileavanzando.cl y enterarse de las medidas que estamos impulsando\u00bb, expres\u00f3 Fernando Viveros Reyes, Seremi de Gobierno de la Regi\u00f3n de Coquimbo.<\/p>\n<p style=\"text-align: justify;\">Adem\u00e1s, para seguir avanzando en m\u00e1s medidas enfocadas en las personas, el Gobierno present\u00f3 un presupuesto con foco en la seguridad ciudadana, la seguridad social y la seguridad econ\u00f3mica, en l\u00ednea con las principales preocupaciones de la ciudadan\u00eda.<\/p>\n<h1 style=\"text-align: justify;\">Sitio ChileAvanzando.cl<\/h1>\n<p style=\"text-align: justify;\"><strong>\u00a0<\/strong>El sitio Chileavanzando.cl est\u00e1 disponible desde el s\u00e1bado 15 de octubre y en \u00e9l se pueden revisar los avances del Gobierno por meses o por categor\u00edas, como seguridad, econom\u00eda, beneficios, calidad de vida, salud, trabajo, educaci\u00f3n y medio ambiente.<\/p>\n<p style=\"text-align: justify;\">Asimismo, a trav\u00e9s de esta plataforma se podr\u00e1 acceder a los sitios correspondientes, tanto de ministerios o servicios, para que las personas postulen y\/o aclaren todas sus dudas respecto a los beneficios impulsados por el Gobierno en estos 7 meses.<\/p>\n<h1 style=\"text-align: justify;\">Principales programas destacados<\/h1>\n<p style=\"text-align: justify;\"><strong>\u00a0<\/strong><strong>Copago Cero<\/strong><\/p>\n<p style=\"text-align: justify;\"><strong>\u00a0<\/strong>El Gobierno se ha comprometido con fortalecer la Salud P\u00fablica y garantizar el derecho a la salud. Por ello, desde septiembre de 2022, las personas beneficiarias de Fonasa de los tramos C y D ya tienen gratuidad en todas sus atenciones en el sistema p\u00fablico de salud.<\/p>\n<p style=\"text-align: justify;\">De esta manera, m\u00e1s de 15 millones de personas que forman parte de Fonasa, no tendr\u00e1n que pagar por las atenciones que reciban en su Centro de Salud Familiar, hospital u otro recinto al que accedan en la Modalidad de Atenci\u00f3n Institucional, es decir, en la Red P\u00fablica.<\/p>\n<h1 style=\"text-align: justify;\">\u25cf\u00a0\u00a0\u00a0\u00a0\u00a0\u00a0\u00a0\u00a0\u00a0\u00a0\u00a0\u00a0 Chile Apoya<\/h1>\n<p style=\"text-align: justify;\"><strong>\u00a0<\/strong>El Plan de Recuperaci\u00f3n Inclusiva Chile Apoya, lanzado en abril, contemplaba inicialmente 21 medidas de apoyo a las personas para enfrentar el alza en el costo de la vida, generando empleos y dando alivio para sectores rezagados.<\/p>\n<p style=\"text-align: justify;\">Posteriormente se actualizaron o se sumaron otras iniciativas, como el Bono Chile Apoya Invierno, de $120.000, o la reciente extensi\u00f3n del Postnatal de Emergencia.<\/p>\n<ul style=\"text-align: justify;\">\n<li>Sueldo m\u00ednimo<\/li>\n<li>Precio de la parafina, petr\u00f3leo y bencinas<\/li>\n<li>Gas a precio justo<\/li>\n<li>Cuentas de la luz<\/li>\n<li>Biocombustibles s\u00f3lidos<\/li>\n<li>Tarifa de transporte<\/li>\n<li>IFE autom\u00e1tico en caso de confinamiento<\/li>\n<li>Bono trabajadoras y trabajadores culturales<\/li>\n<li>Mejores Alimentos de Temporada<\/li>\n<li>Red local de apoyos y cuidados<\/li>\n<li>Centros diurnos de Adulto Mayor (CEDIAM)<\/li>\n<li>ELEAM a todas las regiones<\/li>\n<li>Peque\u00f1a Miner\u00eda<\/li>\n<li>Aumento de cobertura programas Corfo y Sercotec<\/li>\n<li>Restauraci\u00f3n de bosques nativos<\/li>\n<li>Agricultura familiar, campesina y artesanal<\/li>\n<li>Cr\u00e9dito MiPymes no bancarizadas<\/li>\n<li>FOGAPE<\/li>\n<li>Programa 4 a 7<\/li>\n<li>BAES<\/li>\n<li>Ampliaci\u00f3n del Subsidio Protege<\/li>\n<\/ul>\n<h1 style=\"text-align: justify;\">\u25cf\u00a0\u00a0\u00a0\u00a0\u00a0\u00a0\u00a0\u00a0\u00a0\u00a0\u00a0\u00a0 Chile para Todas<\/h1>\n<p style=\"text-align: justify;\"><strong>\u00a0<\/strong>Con el prop\u00f3sito de mejorar las condiciones de vida de todas las mujeres del pa\u00eds, el Gobierno present\u00f3 el Plan Chile Para Todas, una ruta que busca para las chilenas una vida digna y libre de violencia, con acciones interministeriales que dan respuestas a las necesidades de las mujeres, para as\u00ed lograr un avance efectivo en igualdad y justicia desde una perspectiva de g\u00e9nero.<\/p>\n<p style=\"text-align: justify;\">Con la promulgaci\u00f3n de la Ley de Responsabilidad Parental y Pago Efectivo de Deudas por Pensiones de Alimentos, en el mes de agosto, el Gobierno le dio soluci\u00f3n a muchas mujeres que han debido asumir en soledad la demanda de lo que es un derecho de toda ni\u00f1a, ni\u00f1o y adolescente.<\/p>\n<h1 style=\"text-align: justify;\">\u25cf\u00a0\u00a0\u00a0\u00a0\u00a0\u00a0\u00a0\u00a0\u00a0\u00a0\u00a0\u00a0 Siembra por Chile<\/h1>\n<p style=\"text-align: justify;\"><strong>\u00a0<\/strong>\u201cSiembra por Chile\u201d, es un plan de medidas que busca aportar a la reactivaci\u00f3n econ\u00f3mica del pa\u00eds, la mitigaci\u00f3n de precios, la generaci\u00f3n de empleos y la seguridad alimentaria de sus habitantes, con foco especial de inversi\u00f3n en la Agricultura Familiar Campesina (AFC) e Ind\u00edgena a trav\u00e9s del Ministerio de Agricultura y servicios como INDAP.<\/p>\n<p style=\"text-align: justify;\">En alianza con los municipios se destinar\u00e1n $30 mil millones para distribuir en necesidades de seguridad h\u00eddrica, adquisici\u00f3n de insumos como fertilizantes y semillas, mejoramiento de suelos, nuevos espacios de comercializaci\u00f3n de los productos de este sector y generaci\u00f3n de empleo. Al mismo tiempo se fortalecer\u00e1n los programas y sus herramientas que apuntan a estas prioridades.<\/p>\n<h1 style=\"text-align: justify;\">Medidas en tr\u00e1mite<\/h1>\n<p style=\"text-align: justify;\"><strong>\u00a0<\/strong><strong>Reforma tributaria<\/strong><\/p>\n<p style=\"text-align: justify;\">Este perfeccionamiento al sistema de impuestos pretende financiar de manera responsable un desarrollo sostenible para el pa\u00eds.<\/p>\n<h1 style=\"text-align: justify;\">\u25cf\u00a0\u00a0\u00a0\u00a0\u00a0\u00a0\u00a0\u00a0\u00a0\u00a0\u00a0\u00a0 40 horas<\/h1>\n<p style=\"text-align: justify;\">El Gobierno reactiv\u00f3 el proyecto de 40 Horas, presentando indicaciones que permiten materializar la reducci\u00f3n de la jornada laboral, la conciliaci\u00f3n del trabajo y la familia, la modernizaci\u00f3n de las normas laborales, gradualidad en la implementaci\u00f3n y apoyar a las micro y peque\u00f1as empresas.<\/p>\n<h1 style=\"text-align: justify;\">\u25cf\u00a0\u00a0\u00a0\u00a0\u00a0\u00a0\u00a0\u00a0\u00a0\u00a0\u00a0\u00a0 Proyecto de Ley de Presupuesto 2023<\/h1>\n<p style=\"text-align: justify;\">El gabinete en pleno se encuentra trabajando con fuerza para resolver los problemas de las personas y para que Chile tenga Seguridad Econ\u00f3mica, Seguridad Ciudadana y Seguridad Social.<\/p>\n<p style=\"text-align: justify;\">Es as\u00ed como el Gobierno del Presidente Gabriel Boric present\u00f3 su primer presupuesto, el cual apunta a dar esas seguridades y avanzar con los compromisos program\u00e1ticos adquiridos con la ciudadan\u00eda.<\/p>\n<h1 style=\"text-align: justify;\">\u25cf\u00a0\u00a0\u00a0\u00a0\u00a0\u00a0\u00a0\u00a0\u00a0\u00a0\u00a0\u00a0 Indicaciones al Proyecto de Ley del Ministerio de Seguridad P\u00fablica<\/h1>\n<p style=\"text-align: justify;\">Se ingresaron indicaciones al proyecto de ley que busca crear una nueva institucionalidad para la prevenci\u00f3n del delito, considerando dentro de sus ejes principales un mayor control civil de las instituciones policiales, y la incorporaci\u00f3n de la perspectiva de g\u00e9nero y enfoque de derechos humanos.<\/p>\n<h1 style=\"text-align: justify;\">\u25cf\u00a0\u00a0\u00a0\u00a0\u00a0\u00a0\u00a0\u00a0\u00a0\u00a0\u00a0\u00a0 Nuevo FOGAPE<\/h1>\n<p style=\"text-align: justify;\">La medida, de vigencia acotada, busca facilitar el acceso a financiamiento a las micro, peque\u00f1as y medianas empresas que no han contado con apoyo en Fogapes anteriores, apoyando con esto su recuperaci\u00f3n econ\u00f3mica. Ya se encuentra en segundo tr\u00e1mite constitucional.<\/p>\n<h1 style=\"text-align: justify;\">Otras medidas<\/h1>\n<p style=\"text-align: justify;\"><strong>\u00a0<\/strong><strong>M\u00e1s seguridad para vivir mejor<\/strong><\/p>\n<p style=\"text-align: justify;\">El Plan de Reforzamiento Policial que se est\u00e1 implementando desde mayo busca que la ciudadan\u00eda recupere los espacios p\u00fablicos que han sido arrebatados por la delincuencia.<\/p>\n<h1 style=\"text-align: justify;\">\u25cf\u00a0\u00a0\u00a0\u00a0\u00a0\u00a0\u00a0\u00a0\u00a0\u00a0\u00a0\u00a0 Hist\u00f3rico aumento del sueldo m\u00ednimo a $400.000 pesos<\/h1>\n<p style=\"text-align: justify;\">Este reajuste es el m\u00e1s grande desde hace 29 a\u00f1os y viene a saldar una deuda hist\u00f3rica con los y las trabajadoras.<\/p>\n<h1 style=\"text-align: justify;\">\u25cf\u00a0\u00a0\u00a0\u00a0\u00a0\u00a0\u00a0\u00a0\u00a0\u00a0\u00a0\u00a0 Inicio del cierre de las operaciones de la fundici\u00f3n Codelco Ventanas<\/h1>\n<p style=\"text-align: justify;\">El Gobierno busca la recuperaci\u00f3n socioecol\u00f3gica justa de territorios afectados por la contaminaci\u00f3n.<\/p>\n<h1 style=\"text-align: justify;\">\u25cf\u00a0\u00a0\u00a0\u00a0\u00a0\u00a0\u00a0\u00a0\u00a0\u00a0\u00a0\u00a0 Plan de Emergencia Habitacional<\/h1>\n<p style=\"text-align: justify;\">Esta estrategia busca abordar el d\u00e9ficit habitacional e ir en apoyo de las personas que necesiten acceder a una vivienda de calidad.<\/p>\n<h1 style=\"text-align: justify;\">\u25cf\u00a0\u00a0\u00a0\u00a0\u00a0\u00a0\u00a0\u00a0\u00a0\u00a0\u00a0\u00a0 Extensi\u00f3n del IFE Laboral Apoya<\/h1>\n<p style=\"text-align: justify;\">Se ampliaron hasta diciembre las postulaciones al IFE Laboral para apoyar el retorno al empleo formal de las y los trabajadores.<\/p>\n","protected":false},"excerpt":{"rendered":"<p>En el marco de la presentaci\u00f3n de su primer Proyecto de Ley de Presupuesto, el Gobierno lanz\u00f3 la plataforma chileavanzando.cl, en la que todas las personas podr\u00e1n conocer 127 avances y beneficios desarrollados -de los cuales 13 se encuentran en tr\u00e1mite. En este sitio web las personas podr\u00e1n conocer todos<\/p>\n","protected":false},"author":1,"featured_media":2322,"comment_status":"closed","ping_status":"open","sticky":false,"template":"","format":"standard","meta":{"footnotes":""},"categories":[1],"tags":[],"class_list":["post-2321","post","type-post","status-publish","format-standard","has-post-thumbnail","hentry","category-noticias-regionales"],"_links":{"self":[{"href":"https:\/\/minutaregional.cl\/index.php?rest_route=\/wp\/v2\/posts\/2321","targetHints":{"allow":["GET"]}}],"collection":[{"href":"https:\/\/minutaregional.cl\/index.php?rest_route=\/wp\/v2\/posts"}],"about":[{"href":"https:\/\/minutaregional.cl\/index.php?rest_route=\/wp\/v2\/types\/post"}],"author":[{"embeddable":true,"href":"https:\/\/minutaregional.cl\/index.php?rest_route=\/wp\/v2\/users\/1"}],"replies":[{"embeddable":true,"href":"https:\/\/minutaregional.cl\/index.php?rest_route=%2Fwp%2Fv2%2Fcomments&post=2321"}],"version-history":[{"count":1,"href":"https:\/\/minutaregional.cl\/index.php?rest_route=\/wp\/v2\/posts\/2321\/revisions"}],"predecessor-version":[{"id":2323,"href":"https:\/\/minutaregional.cl\/index.php?rest_route=\/wp\/v2\/posts\/2321\/revisions\/2323"}],"wp:featuredmedia":[{"embeddable":true,"href":"https:\/\/minutaregional.cl\/index.php?rest_route=\/wp\/v2\/media\/2322"}],"wp:attachment":[{"href":"https:\/\/minutaregional.cl\/index.php?rest_route=%2Fwp%2Fv2%2Fmedia&parent=2321"}],"wp:term":[{"taxonomy":"category","embeddable":true,"href":"https:\/\/minutaregional.cl\/index.php?rest_route=%2Fwp%2Fv2%2Fcategories&post=2321"},{"taxonomy":"post_tag","embeddable":true,"href":"https:\/\/minutaregional.cl\/index.php?rest_route=%2Fwp%2Fv2%2Ftags&post=2321"}],"curies":[{"name":"wp","href":"https:\/\/api.w.org\/{rel}","templated":true}]}}