{"id":2309,"date":"2022-10-15T15:27:38","date_gmt":"2022-10-15T15:27:38","guid":{"rendered":"https:\/\/minutaregional.cl\/?p=2309"},"modified":"2022-10-15T15:27:38","modified_gmt":"2022-10-15T15:27:38","slug":"ministros-en-terreno-destacan-enfoques-que-rigen-el-presupuesto-para-el-2023","status":"publish","type":"post","link":"https:\/\/minutaregional.cl\/?p=2309","title":{"rendered":"Ministros en terreno destacan enfoques que rigen el Presupuesto para el 2023"},"content":{"rendered":"<ul>\n<li><strong><em>Los titulares de Obras P\u00fablicas y Desarrollo Social y Familia llegaron a la Regi\u00f3n de Coquimbo a promover los \u00e9nfasis contenidos en la propuesta presentada por el Presidente Gabriel Boric.<\/em><\/strong><\/li>\n<\/ul>\n<p><strong>\u00a0<\/strong>El 29 de septiembre el Presidente Gabriel Boric present\u00f3 su primer proyecto de Ley de Presupuestos 2023 y que tiene como objetivo dar seguridad y tranquilidad a las personas, recogiendo las preocupaciones de la ciudadan\u00eda y tambi\u00e9n permitiendo avanzar en la implementaci\u00f3n del programa de Gobierno.<\/p>\n<p>Una propuesta que durante estos d\u00edas ha sido ampliamente difundida por las autoridades. En la Regi\u00f3n de Coquimbo, los Ministros Juan Carlos Garc\u00eda de Obras P\u00fablicas y Giorgio Jackson de Desarrollo Social y Familia, fueron los encargados de ir destacando los \u00e9nfasis de este presupuesto que aumentar\u00e1 en un 4,2% del gasto p\u00fablico.<\/p>\n<p>El Delegado Presidencial Regional, Rub\u00e9n Quezada, acot\u00f3 que <strong>\u201ctenerlos ac\u00e1, en contacto con los seremis del Gabinete, es fundamental para coordinarnos y ver c\u00f3mo abordar el trabajo del presupuesto con la ciudadan\u00eda y orientados a cumplir con los requerimientos y necesidades de los territorios\u201d<\/strong>.<\/p>\n<p>En el proyecto de ley del Presupuesto se destinan recursos que reflejan diferentes anuncios realizados por el Presidente Boric en su Cuenta P\u00fablica como el Plan Nacional contra el Crimen Organizado, la recuperaci\u00f3n de espacios p\u00fablicos, inversi\u00f3n en infraestructura educacional, cultura, vivienda entre otros.<\/p>\n<p><strong>\u201cEs un presupuesto contrac\u00edclico, es decir, que desde lo que podemos hacer como Gobierno con los recursos disponibles, estaremos contrarrestado un escenario econ\u00f3mico adverso como el que prev\u00e9 para 2023. Tambi\u00e9n amplia la seguridad y derechos sociales. Esos son los focos que estamos promoviendo y creemos que puede empezar a cambiarle la cara a distintas pol\u00edtica sociales\u201d<\/strong>, detall\u00f3 el Ministro de Desarrollo Social y Familia, Giorgio Jackson.<\/p>\n<p>Y es que se proyecta que la actividad econ\u00f3mica decrecer\u00e1 el pr\u00f3ximo a\u00f1o y por ello el Gobierno est\u00e1 respondiendo con un aumento de gasto que tiene un importante componente de inversi\u00f3n p\u00fablica, lo que da seguridad econ\u00f3mica, incluyendo ejes en seguridad ciudadana y protecci\u00f3n social.<\/p>\n<p>Adem\u00e1s, se crear\u00e1 un plan de infraestructura de 1,6 billones de pesos. <strong>\u201cSabemos que las acciones se deben transformar en obras concretas. Todo est\u00e1 pensado para cuidar a las personas y cuidar que la reactivaci\u00f3n no solo sean los empleos que se generan hoy, sino para que las obras ayuden a otras peque\u00f1as, medianas y grandes empresas a generar m\u00e1s empleos y estamos comprometidos con acciones concretas de nuestro presupuesto\u201d<\/strong>, puntualiz\u00f3 el Ministro de Obras P\u00fablicas, Juan Carlos Garc\u00eda.<\/p>\n<p><strong>\u00a0<\/strong>Al respecto, el titular del MOP, coment\u00f3 que dentro de la propuesta se considera ir avanzando en obras de mejoramiento de agua potable rural en La Higuera, La Serena, la conservaci\u00f3n del borde costero de Guanaqueros, la reposici\u00f3n del CESFAM de El Palqui en Monte Patria, entre otras.<\/p>\n<p>&nbsp;<\/p>\n<p><strong>\u00a0<\/strong><\/p>\n<p>&nbsp;<\/p>\n<p><strong>\u00a0<\/strong><\/p>\n<p><strong>\u00a0<\/strong><\/p>\n<p>&nbsp;<\/p>\n","protected":false},"excerpt":{"rendered":"<p>Los titulares de Obras P\u00fablicas y Desarrollo Social y Familia llegaron a la Regi\u00f3n de Coquimbo a promover los \u00e9nfasis contenidos en la propuesta presentada por el Presidente Gabriel Boric. \u00a0El 29 de septiembre el Presidente Gabriel Boric present\u00f3 su primer proyecto de Ley de Presupuestos 2023 y que tiene<\/p>\n","protected":false},"author":1,"featured_media":2310,"comment_status":"closed","ping_status":"open","sticky":false,"template":"","format":"standard","meta":{"footnotes":""},"categories":[36],"tags":[],"class_list":["post-2309","post","type-post","status-publish","format-standard","has-post-thumbnail","hentry","category-dppcoquimbo"],"_links":{"self":[{"href":"https:\/\/minutaregional.cl\/index.php?rest_route=\/wp\/v2\/posts\/2309","targetHints":{"allow":["GET"]}}],"collection":[{"href":"https:\/\/minutaregional.cl\/index.php?rest_route=\/wp\/v2\/posts"}],"about":[{"href":"https:\/\/minutaregional.cl\/index.php?rest_route=\/wp\/v2\/types\/post"}],"author":[{"embeddable":true,"href":"https:\/\/minutaregional.cl\/index.php?rest_route=\/wp\/v2\/users\/1"}],"replies":[{"embeddable":true,"href":"https:\/\/minutaregional.cl\/index.php?rest_route=%2Fwp%2Fv2%2Fcomments&post=2309"}],"version-history":[{"count":1,"href":"https:\/\/minutaregional.cl\/index.php?rest_route=\/wp\/v2\/posts\/2309\/revisions"}],"predecessor-version":[{"id":2311,"href":"https:\/\/minutaregional.cl\/index.php?rest_route=\/wp\/v2\/posts\/2309\/revisions\/2311"}],"wp:featuredmedia":[{"embeddable":true,"href":"https:\/\/minutaregional.cl\/index.php?rest_route=\/wp\/v2\/media\/2310"}],"wp:attachment":[{"href":"https:\/\/minutaregional.cl\/index.php?rest_route=%2Fwp%2Fv2%2Fmedia&parent=2309"}],"wp:term":[{"taxonomy":"category","embeddable":true,"href":"https:\/\/minutaregional.cl\/index.php?rest_route=%2Fwp%2Fv2%2Fcategories&post=2309"},{"taxonomy":"post_tag","embeddable":true,"href":"https:\/\/minutaregional.cl\/index.php?rest_route=%2Fwp%2Fv2%2Ftags&post=2309"}],"curies":[{"name":"wp","href":"https:\/\/api.w.org\/{rel}","templated":true}]}}