{"id":2301,"date":"2022-10-14T20:26:18","date_gmt":"2022-10-14T20:26:18","guid":{"rendered":"https:\/\/minutaregional.cl\/?p=2301"},"modified":"2022-10-14T20:26:28","modified_gmt":"2022-10-14T20:26:28","slug":"dia-del-profesor-liceo-politecnico-pablo-rodriguez-caviedes","status":"publish","type":"post","link":"https:\/\/minutaregional.cl\/?p=2301","title":{"rendered":"D\u00cdA DEL PROFESOR  LICEO POLIT\u00c9CNICO PABLO RODR\u00cdGUEZ CAVIEDES"},"content":{"rendered":"<p>El d\u00eda jueves 13 de octubre el Centro de Alumnos del Liceo Polit\u00e9cnico Pablo Rodr\u00edguez Caviedes, realiz\u00f3 una emotiva ceremonia en el marco de la celebraci\u00f3n del D\u00eda del Profesor en dependencias del establecimiento educacional.<\/p>\n<p>Todo comenz\u00f3 alrededor de las 11 de la ma\u00f1ana y la m\u00fasica de la banda en vivo inauguraba el acto que los estudiantes ten\u00edan dispuesto para festejar a los docentes del emblem\u00e1tico Liceo.<\/p>\n<p>ara Anais Salinas, Presidenta del Centro de Alumnos del Liceo Polit\u00e9cnico Pablo Rodr\u00edguez Caviedes:\u201d Lo hicimos con mucho cari\u00f1o para ellos, para que les quede un lindo recuerdo de parte de nosotros y le damos gracias a todos los estudiantes del liceo porque quisieron sumarse a esta iniciativa (\u2026) cada curso se hizo cargo de los regalos para sus profesores jefes y es bonito que el Liceo se destaque por estas actividades\u201d.<\/p>\n<p><strong>\u00a0<\/strong><strong>Visite, comparta y suscr\u00edbase al canal de noticias de YouTube y nuestro sitio web<\/strong><\/p>\n<p><a href=\"https:\/\/www.youtube.com\/channel\/UCKqVGapJI4lbTFpKPdsEiOg\">https:\/\/www.youtube.com\/channel\/UCKqVGapJI4lbTFpKPdsEiOg<\/a><\/p>\n<p><strong>\u00a0<\/strong><\/p>\n<p><a href=\"http:\/\/www.daemillapel.cl\"><strong>www.daemillapel.cl<\/strong><\/a><\/p>\n<p><strong>\u00a0<\/strong><\/p>\n<p><strong>\u00a0<\/strong><\/p>\n","protected":false},"excerpt":{"rendered":"<p>El d\u00eda jueves 13 de octubre el Centro de Alumnos del Liceo Polit\u00e9cnico Pablo Rodr\u00edguez Caviedes, realiz\u00f3 una emotiva ceremonia en el marco de la celebraci\u00f3n del D\u00eda del Profesor en dependencias del establecimiento educacional. Todo comenz\u00f3 alrededor de las 11 de la ma\u00f1ana y la m\u00fasica de la banda<\/p>\n","protected":false},"author":1,"featured_media":2302,"comment_status":"closed","ping_status":"open","sticky":false,"template":"","format":"standard","meta":{"footnotes":""},"categories":[22],"tags":[],"class_list":["post-2301","post","type-post","status-publish","format-standard","has-post-thumbnail","hentry","category-muni-illapel"],"_links":{"self":[{"href":"https:\/\/minutaregional.cl\/index.php?rest_route=\/wp\/v2\/posts\/2301","targetHints":{"allow":["GET"]}}],"collection":[{"href":"https:\/\/minutaregional.cl\/index.php?rest_route=\/wp\/v2\/posts"}],"about":[{"href":"https:\/\/minutaregional.cl\/index.php?rest_route=\/wp\/v2\/types\/post"}],"author":[{"embeddable":true,"href":"https:\/\/minutaregional.cl\/index.php?rest_route=\/wp\/v2\/users\/1"}],"replies":[{"embeddable":true,"href":"https:\/\/minutaregional.cl\/index.php?rest_route=%2Fwp%2Fv2%2Fcomments&post=2301"}],"version-history":[{"count":1,"href":"https:\/\/minutaregional.cl\/index.php?rest_route=\/wp\/v2\/posts\/2301\/revisions"}],"predecessor-version":[{"id":2303,"href":"https:\/\/minutaregional.cl\/index.php?rest_route=\/wp\/v2\/posts\/2301\/revisions\/2303"}],"wp:featuredmedia":[{"embeddable":true,"href":"https:\/\/minutaregional.cl\/index.php?rest_route=\/wp\/v2\/media\/2302"}],"wp:attachment":[{"href":"https:\/\/minutaregional.cl\/index.php?rest_route=%2Fwp%2Fv2%2Fmedia&parent=2301"}],"wp:term":[{"taxonomy":"category","embeddable":true,"href":"https:\/\/minutaregional.cl\/index.php?rest_route=%2Fwp%2Fv2%2Fcategories&post=2301"},{"taxonomy":"post_tag","embeddable":true,"href":"https:\/\/minutaregional.cl\/index.php?rest_route=%2Fwp%2Fv2%2Ftags&post=2301"}],"curies":[{"name":"wp","href":"https:\/\/api.w.org\/{rel}","templated":true}]}}