{"id":2296,"date":"2022-10-14T18:08:27","date_gmt":"2022-10-14T18:08:27","guid":{"rendered":"https:\/\/minutaregional.cl\/?p=2296"},"modified":"2022-10-14T18:08:27","modified_gmt":"2022-10-14T18:08:27","slug":"clubes-deportivos-de-illapel-participan-de-reunion-de-seguridad-municipal-tras-disturbios-en-evento-futbolistico","status":"publish","type":"post","link":"https:\/\/minutaregional.cl\/?p=2296","title":{"rendered":"CLUBES DEPORTIVOS DE ILLAPEL PARTICIPAN DE REUNI\u00d3N DE SEGURIDAD MUNICIPAL TRAS DISTURBIOS EN EVENTO FUTBOL\u00cdSTICO"},"content":{"rendered":"<p style=\"text-align: justify;\"><strong>\u00a0<\/strong>La Ilustre Municipalidad de Illapel sostuvo, mediante sus concejales de la Comisi\u00f3n de Seguridad y el alcalde de la comuna, una reuni\u00f3n con los clubes deportivos Anfa, Anfur y Canal Laboral para abordar los disturbios y enfrentamientos que ocurrieron durante el fin de semana en el estadio Oro y Sol de la Villa San Rafael entre las barras de los equipos Ferroviartios e Illaosol. Con el objetivo de acordar acciones que eliminen la violencias en los recintos deportivos de la ciudad se invit\u00f3 a carabineros, Cordep, Departamento de Seguridad y Departamento Jur\u00eddico municipal.<\/p>\n<p style=\"text-align: justify;\">En el encuentro se acord\u00f3 compartir informaci\u00f3n entre las diferentes asociaciones deportivas en relaci\u00f3n a actividades que estas realicen, esperando adem\u00e1s, que\u00a0 se sancione a los involucrados y sus clubes tras los incidentes, como por ejemplo, que los jugadores cumplan los castigos en los campeonatos y se suspendan los encuentros de f\u00fatbol de Anfa a nivel local. Finalmente, se comenz\u00f3 a trabajar en un Plan de Seguridad para darle tranquilidad a los vecinos y p\u00fablico asistente a los partidos, para un correcto desarrollo de las fiestas futbol\u00edsticas, dejando atr\u00e1s los problemas de violencia.<\/p>\n<p style=\"text-align: justify;\">Dante P\u00e9rez, Presidente de la Asociaci\u00f3n de F\u00fatbol de Illapel, se refiri\u00f3 a la reuni\u00f3n y los acuerdos que se llegaron en conjunto para el desarrollo del deporte, se\u00f1alando que \u201cfue muy satisfactoria la reuni\u00f3n, creo que se han sacado muy buenas conclusiones, donde todos nos hemos comprometido a que el f\u00fatbol tengas los mejores desempe\u00f1os durante las competencias y no hayan estos desmanes que pasaron el fin de semana pasado, con prevenci\u00f3n tanto de las autoridades como del alcalde que ha puesto a disposici\u00f3n tambi\u00e9n la seguridad, tienen dos carros m\u00f3viles de seguridad, tambi\u00e9n el mayor de carabineros se ha puesto a disposici\u00f3n de nuestra, de cooperaci\u00f3n para los partidos\u201d.<\/p>\n<p style=\"text-align: justify;\">\u201cTodos los que participamos en la reuni\u00f3n tenemos el mismo fin, fomentar el deporte, pero tambi\u00e9n va de la mano, la seguridad, y la seguridad es de todos, no es de carabineros solamente, no es de los organizadores de un evento, sino que la seguridad involucra a todos los empleados p\u00fablicos, a los particulares, a los vecinos, con el fin de que podamos desarrollar un evento deportivo de forma normal, tranquila y fomentar a los j\u00f3venes a que sea as\u00ed, no podemos desarrollar un evento, sin una fiscalizaci\u00f3n, siempre tiene que existir\u201d, sostuvo el Mayor de la 4ta Comisaria de la comuna de Illapel, Paolo Garay, en relaci\u00f3n a esta reuni\u00f3n y las sensaciones que le dej\u00f3.<\/p>\n<p style=\"text-align: justify;\">Finalmente, el Alcalde de Illapel, Denis Cort\u00e9s Aguilera, se mostr\u00f3 muy conforme con las conversaciones y la importancia que tendr\u00e1n para las pr\u00f3ximas actividades deportivas y c\u00f3mo se est\u00e1 trabajando para tener las mejores condiciones para todos quienes disfrutan del deporte, destacando que \u201centre martes o mi\u00e9rcoles nos vamos a estar reuniendo los mismos actores, para ver como lo que conversamos, se transforman en acciones concretas, de operativos en el exterior, de c\u00f3mo mejoramos la seguridad al interior y c\u00f3mo tambi\u00e9n en el fondo, logramos que la familia deportiva vuelva a los estadios, y esto tambi\u00e9n lo estamos planificando con mucha anticipaci\u00f3n, para que tambi\u00e9n por ejemplo, el Campeonato de Los Barrios, el campeonato que parte este fin de semana en el Anfur, tambi\u00e9n cuente con medidas de seguridad, pero nada de esto va a ser posible, si no hay voluntad de los jugadores, si no hay voluntad de los vecinos, si no hay voluntad del p\u00fablico que va al estadio\u201d.<\/p>\n","protected":false},"excerpt":{"rendered":"<p>\u00a0La Ilustre Municipalidad de Illapel sostuvo, mediante sus concejales de la Comisi\u00f3n de Seguridad y el alcalde de la comuna, una reuni\u00f3n con los clubes deportivos Anfa, Anfur y Canal Laboral para abordar los disturbios y enfrentamientos que ocurrieron durante el fin de semana en el estadio Oro y Sol<\/p>\n","protected":false},"author":1,"featured_media":2298,"comment_status":"closed","ping_status":"open","sticky":false,"template":"","format":"standard","meta":{"footnotes":""},"categories":[22],"tags":[],"class_list":["post-2296","post","type-post","status-publish","format-standard","has-post-thumbnail","hentry","category-muni-illapel"],"_links":{"self":[{"href":"https:\/\/minutaregional.cl\/index.php?rest_route=\/wp\/v2\/posts\/2296","targetHints":{"allow":["GET"]}}],"collection":[{"href":"https:\/\/minutaregional.cl\/index.php?rest_route=\/wp\/v2\/posts"}],"about":[{"href":"https:\/\/minutaregional.cl\/index.php?rest_route=\/wp\/v2\/types\/post"}],"author":[{"embeddable":true,"href":"https:\/\/minutaregional.cl\/index.php?rest_route=\/wp\/v2\/users\/1"}],"replies":[{"embeddable":true,"href":"https:\/\/minutaregional.cl\/index.php?rest_route=%2Fwp%2Fv2%2Fcomments&post=2296"}],"version-history":[{"count":1,"href":"https:\/\/minutaregional.cl\/index.php?rest_route=\/wp\/v2\/posts\/2296\/revisions"}],"predecessor-version":[{"id":2299,"href":"https:\/\/minutaregional.cl\/index.php?rest_route=\/wp\/v2\/posts\/2296\/revisions\/2299"}],"wp:featuredmedia":[{"embeddable":true,"href":"https:\/\/minutaregional.cl\/index.php?rest_route=\/wp\/v2\/media\/2298"}],"wp:attachment":[{"href":"https:\/\/minutaregional.cl\/index.php?rest_route=%2Fwp%2Fv2%2Fmedia&parent=2296"}],"wp:term":[{"taxonomy":"category","embeddable":true,"href":"https:\/\/minutaregional.cl\/index.php?rest_route=%2Fwp%2Fv2%2Fcategories&post=2296"},{"taxonomy":"post_tag","embeddable":true,"href":"https:\/\/minutaregional.cl\/index.php?rest_route=%2Fwp%2Fv2%2Ftags&post=2296"}],"curies":[{"name":"wp","href":"https:\/\/api.w.org\/{rel}","templated":true}]}}