{"id":2290,"date":"2022-10-14T17:40:44","date_gmt":"2022-10-14T17:40:44","guid":{"rendered":"https:\/\/minutaregional.cl\/?p=2290"},"modified":"2022-10-14T17:40:44","modified_gmt":"2022-10-14T17:40:44","slug":"se-inicia-debate-por-nulidad-de-ley-de-pesca-en-comision-de-constitucion-del-senado","status":"publish","type":"post","link":"https:\/\/minutaregional.cl\/?p=2290","title":{"rendered":"Se inicia debate por nulidad de Ley de pesca en Comisi\u00f3n de Constituci\u00f3n del Senado"},"content":{"rendered":"<ul>\n<li style=\"text-align: justify;\"><i>En la primera sesi\u00f3n para discutir el proyecto se espera contar con el Ministro de Econom\u00eda para conocer la visi\u00f3n del Ejecutivo, que debe promover un nuevo cuerpo legal para el sector pesquero.<span class=\"yiv2145793286gmail-Apple-converted-space\">\u00a0<\/span><\/i><\/li>\n<li style=\"text-align: justify;\"><i><\/i><i>La nulidad s\u00f3lo ser\u00eda efectiva al promulgarse una nueva ley de pesca<\/i><\/li>\n<\/ul>\n<p style=\"text-align: justify;\">Este lunes 17 de octubre iniciar\u00e1 su discusi\u00f3n en la Comisi\u00f3n de Constituci\u00f3n, Legislaci\u00f3n y Justicia del Senado, el proyecto de ley que establece la nulidad de la actual ley de pesca, propuesta que se encuentra en segundo tr\u00e1mite legislativo y que deber\u00e1 propender a un nuevo marco legal para este sector de la econom\u00eda.<\/p>\n<p style=\"text-align: justify;\">El presidente de la Comisi\u00f3n, Senador Mat\u00edas Walker, se\u00f1al\u00f3 que en un encuentro con pescadores de la regi\u00f3n de Coquimbo, asumi\u00f3 el compromiso de priorizar este proyecto en la comisi\u00f3n.<\/p>\n<p style=\"text-align: justify;\">\u201cA solicitud de los pescadores de la regi\u00f3n de Coquimbo agrupados en Fetramar, con quienes tuvimos una muy buena reuni\u00f3n la semana pasada en la caleta de Guayac\u00e1n, me pidieron que pusiera en tabla la nulidad de la ley de pesca. Invitamos al Ministro de econom\u00eda,\u00a0Nicol\u00e1s Grau, esto va a ser el d\u00eda lunes a las 10:30 de la ma\u00f1ana, porque queremos adem\u00e1s que el gobierno fije una postura respecto de la nueva ley de pesca\u201d, dijo el senador Mat\u00edas Walker.<span class=\"yiv2145793286gmail-Apple-converted-space\">\u00a0<\/span><\/p>\n<p style=\"text-align: justify;\">La posici\u00f3n del Ministerio de Econom\u00eda es relevante, debido a que de aprobarse la nulidad de la actual ley de pesca en el Congreso Nacional, esto s\u00f3lo se hace efectivo al publicarse una nueva legislaci\u00f3n para este sector en un plazo no superior a dos a\u00f1os, y este proceso legislativo debe ser encabezado por el Ejecutivo, es decir por el gobierno, a partir de una indicaci\u00f3n del senador Mat\u00edas Walker durante el primer tr\u00e1mite legislativo en la C\u00e1mara de Diputados. Esto para que no existiera un vac\u00edo legal para el sector pesquero.<\/p>\n<p style=\"text-align: justify;\">Respecto a algunos aspectos a considerar en una futura ley, el Senador Mat\u00edas Walker, explic\u00f3 que la distribuci\u00f3n de las cuotas globales es el principal aspecto. \u201cQueremos mejorar el fraccionamiento en favor de la pesca artesanal. En la regi\u00f3n de Coquimbo, por ejemplo, los pescadores artesanales s\u00f3lo tienen el 10% de la cuota del jurel; la industria tiene un 90%, y adem\u00e1s genera muy poco empleo en nuestra regi\u00f3n, a diferencia de la octava y otras regiones del pa\u00eds\u201d.<\/p>\n","protected":false},"excerpt":{"rendered":"<p>En la primera sesi\u00f3n para discutir el proyecto se espera contar con el Ministro de Econom\u00eda para conocer la visi\u00f3n del Ejecutivo, que debe promover un nuevo cuerpo legal para el sector pesquero.\u00a0 La nulidad s\u00f3lo ser\u00eda efectiva al promulgarse una nueva ley de pesca Este lunes 17 de octubre<\/p>\n","protected":false},"author":1,"featured_media":2291,"comment_status":"closed","ping_status":"open","sticky":false,"template":"","format":"standard","meta":{"footnotes":""},"categories":[26],"tags":[],"class_list":["post-2290","post","type-post","status-publish","format-standard","has-post-thumbnail","hentry","category-camara-de-diputadas-y-diputados"],"_links":{"self":[{"href":"https:\/\/minutaregional.cl\/index.php?rest_route=\/wp\/v2\/posts\/2290","targetHints":{"allow":["GET"]}}],"collection":[{"href":"https:\/\/minutaregional.cl\/index.php?rest_route=\/wp\/v2\/posts"}],"about":[{"href":"https:\/\/minutaregional.cl\/index.php?rest_route=\/wp\/v2\/types\/post"}],"author":[{"embeddable":true,"href":"https:\/\/minutaregional.cl\/index.php?rest_route=\/wp\/v2\/users\/1"}],"replies":[{"embeddable":true,"href":"https:\/\/minutaregional.cl\/index.php?rest_route=%2Fwp%2Fv2%2Fcomments&post=2290"}],"version-history":[{"count":1,"href":"https:\/\/minutaregional.cl\/index.php?rest_route=\/wp\/v2\/posts\/2290\/revisions"}],"predecessor-version":[{"id":2292,"href":"https:\/\/minutaregional.cl\/index.php?rest_route=\/wp\/v2\/posts\/2290\/revisions\/2292"}],"wp:featuredmedia":[{"embeddable":true,"href":"https:\/\/minutaregional.cl\/index.php?rest_route=\/wp\/v2\/media\/2291"}],"wp:attachment":[{"href":"https:\/\/minutaregional.cl\/index.php?rest_route=%2Fwp%2Fv2%2Fmedia&parent=2290"}],"wp:term":[{"taxonomy":"category","embeddable":true,"href":"https:\/\/minutaregional.cl\/index.php?rest_route=%2Fwp%2Fv2%2Fcategories&post=2290"},{"taxonomy":"post_tag","embeddable":true,"href":"https:\/\/minutaregional.cl\/index.php?rest_route=%2Fwp%2Fv2%2Ftags&post=2290"}],"curies":[{"name":"wp","href":"https:\/\/api.w.org\/{rel}","templated":true}]}}