{"id":2286,"date":"2022-10-14T17:02:05","date_gmt":"2022-10-14T17:02:05","guid":{"rendered":"https:\/\/minutaregional.cl\/?p=2286"},"modified":"2022-10-14T17:02:05","modified_gmt":"2022-10-14T17:02:05","slug":"pdi-detiene-a-imputado-por-secuestro-abuso-sexual-amenazas-y-lesiones-contra-su-expareja","status":"publish","type":"post","link":"https:\/\/minutaregional.cl\/?p=2286","title":{"rendered":"PDI DETIENE A IMPUTADO POR SECUESTRO, ABUSO SEXUAL, AMENAZAS Y LESIONES CONTRA SU EXPAREJA"},"content":{"rendered":"<p style=\"text-align: justify;\">El trabajo cient\u00edfico t\u00e9cnico de los Detectives de la Brigada de Delitos Sexuales, en coordinaci\u00f3n con el Ministerio P\u00fablico, permiti\u00f3 la detenci\u00f3n de un hombre que ten\u00eda prohibici\u00f3n de acercarse a la v\u00edctima.<\/p>\n<p style=\"text-align: justify;\">Los golpes de pies y pu\u00f1os en diferentes partes de su cuerpo, eran una constante en la relaci\u00f3n sentimental que mantuvo una mujer de 25 a\u00f1os, con un hombre de la misma edad. Adem\u00e1s de las agresiones, tambi\u00e9n recib\u00eda amenazas de muerte de su pareja si se atrev\u00eda a denunciar estos delitos, hasta que la v\u00edctima perdi\u00f3 el miedo.<\/p>\n<p style=\"text-align: justify;\">Esta pesadilla vivi\u00f3 la mujer durante dos a\u00f1os, como lo indica la investigaci\u00f3n de los detectives de la Brigada de Delitos Sexuales La Serena con el Ministerio P\u00fablico, que en conjunto logran establecer que el imputado manten\u00eda una prohibici\u00f3n judicial de acercarse a su v\u00edctima y proceden con su detenci\u00f3n.<\/p>\n<p style=\"text-align: justify;\"><strong>\u201cTras la labor cient\u00edfico t\u00e9cnica del personal de esta unidad especializada, en el sitio del suceso, logramos posicionar al imputado en el domicilio, ubicado en un condominio del sector San Joaqu\u00edn, donde llega con la v\u00edctima. \u00a0Durante dos d\u00edas deja encerrada a su ex pareja, la golpea en diferentes partes del cuerpo, y comete el abuso sexual agravado\u201d<\/strong>, se\u00f1al\u00f3 el comisario Marcos Soto, de la Brigada de Delitos Sexuales La Serena.<\/p>\n<p style=\"text-align: justify;\">El levantamiento de evidencias y el an\u00e1lisis de las c\u00e1maras de seguridad fueron clave para establecer la participaci\u00f3n del imputado en diversos delitos, ocurridos en marzo y en agosto de este a\u00f1o, incluyendo el desacato de la medida judicial que obligaba su alejamiento de la v\u00edctima, en reiteradas oportunidades.<\/p>\n<p style=\"text-align: justify;\">Tras la detenci\u00f3n del imputado, la fiscal\u00eda formaliz\u00f3 los cargos por los delitos de desacato, lesiones leves, menos graves y graves en contexto de violencia intrafamiliar (VIF), hurto y secuestro con abuso sexual agravado, y el tribunal lo dej\u00f3 en prisi\u00f3n preventiva.<\/p>\n<p style=\"text-align: justify;\">La fiscal (s) de La Serena, Ana Acevedo, dijo que <strong>\u201cla Brigada de Delitos Sexuales La Serena de la PDI, hizo una investigaci\u00f3n bastante profunda sobre los hechos. Nos queda solamente recabar algunos testimonios y una prueba pericial que debemos realizar\u201d,<\/strong> dijo.<\/p>\n<p style=\"text-align: justify;\">La causa quedar\u00e1 radicada en la comuna de Coquimbo a raz\u00f3n del lugar donde ocurrieron parte de los delitos y la Fiscal\u00eda de La Serena solicit\u00f3 adem\u00e1s la incompetencia del Juzgado de Garant\u00eda de la capital regional para continuar el desarrollo de la misma.<\/p>\n<p>&nbsp;<\/p>\n","protected":false},"excerpt":{"rendered":"<p>El trabajo cient\u00edfico t\u00e9cnico de los Detectives de la Brigada de Delitos Sexuales, en coordinaci\u00f3n con el Ministerio P\u00fablico, permiti\u00f3 la detenci\u00f3n de un hombre que ten\u00eda prohibici\u00f3n de acercarse a la v\u00edctima. Los golpes de pies y pu\u00f1os en diferentes partes de su cuerpo, eran una constante en la<\/p>\n","protected":false},"author":1,"featured_media":2287,"comment_status":"closed","ping_status":"open","sticky":false,"template":"","format":"standard","meta":{"footnotes":""},"categories":[14],"tags":[],"class_list":["post-2286","post","type-post","status-publish","format-standard","has-post-thumbnail","hentry","category-pdi"],"_links":{"self":[{"href":"https:\/\/minutaregional.cl\/index.php?rest_route=\/wp\/v2\/posts\/2286","targetHints":{"allow":["GET"]}}],"collection":[{"href":"https:\/\/minutaregional.cl\/index.php?rest_route=\/wp\/v2\/posts"}],"about":[{"href":"https:\/\/minutaregional.cl\/index.php?rest_route=\/wp\/v2\/types\/post"}],"author":[{"embeddable":true,"href":"https:\/\/minutaregional.cl\/index.php?rest_route=\/wp\/v2\/users\/1"}],"replies":[{"embeddable":true,"href":"https:\/\/minutaregional.cl\/index.php?rest_route=%2Fwp%2Fv2%2Fcomments&post=2286"}],"version-history":[{"count":1,"href":"https:\/\/minutaregional.cl\/index.php?rest_route=\/wp\/v2\/posts\/2286\/revisions"}],"predecessor-version":[{"id":2288,"href":"https:\/\/minutaregional.cl\/index.php?rest_route=\/wp\/v2\/posts\/2286\/revisions\/2288"}],"wp:featuredmedia":[{"embeddable":true,"href":"https:\/\/minutaregional.cl\/index.php?rest_route=\/wp\/v2\/media\/2287"}],"wp:attachment":[{"href":"https:\/\/minutaregional.cl\/index.php?rest_route=%2Fwp%2Fv2%2Fmedia&parent=2286"}],"wp:term":[{"taxonomy":"category","embeddable":true,"href":"https:\/\/minutaregional.cl\/index.php?rest_route=%2Fwp%2Fv2%2Fcategories&post=2286"},{"taxonomy":"post_tag","embeddable":true,"href":"https:\/\/minutaregional.cl\/index.php?rest_route=%2Fwp%2Fv2%2Ftags&post=2286"}],"curies":[{"name":"wp","href":"https:\/\/api.w.org\/{rel}","templated":true}]}}