{"id":2281,"date":"2022-10-14T16:40:49","date_gmt":"2022-10-14T16:40:49","guid":{"rendered":"https:\/\/minutaregional.cl\/?p=2281"},"modified":"2022-10-14T16:51:36","modified_gmt":"2022-10-14T16:51:36","slug":"partido-entre-coquimbo-unido-y-colo-colo-se-jugara-sin-publico-visitante","status":"publish","type":"post","link":"https:\/\/minutaregional.cl\/?p=2281","title":{"rendered":"Partido Entre Coquimbo Unido y  Colo Colo Se Jugar\u00e1 Sin P\u00fablico Visitante"},"content":{"rendered":"<ul>\n<li style=\"text-align: justify;\"><strong><em>El Delegado Presidencial Rub\u00e9n Quezada inform\u00f3 que la decisi\u00f3n se bas\u00f3 tomando en cuenta las complejidades vividas tras recientes visitas de otros clubes de alta convocatoria y en la necesidad de proteger a la comunidad y entregarles garant\u00edas de que las actividades cotidianas no se vean afectadas.<\/em><\/strong><\/li>\n<\/ul>\n<p style=\"text-align: justify;\">En relaci\u00f3n a la celebraci\u00f3n del partido entre Coquimbo Unido y Colo Colo el pr\u00f3ximo domingo 23 de octubre, a las 15 horas, en el estadio Francisco S\u00e1nchez Rumoroso, la Delegaci\u00f3n Presidencial Regional recibi\u00f3 la propuesta operativa del club organizador en la que adem\u00e1s participaron Carabineros de Chile, la ANFP y Estadio Seguro y en base a los an\u00e1lisis de factibilidad y riesgo de la seguridad, se determin\u00f3 que el partido se disputar\u00e1, en esta ocasi\u00f3n, sin p\u00fablico visitante.<\/p>\n<p style=\"text-align: justify;\">Al respecto, el Delegado Presidencial, Rub\u00e9n Quezada, indic\u00f3 que <strong>\u00abnuestra decisi\u00f3n se funda, en la fuerte convicci\u00f3n de proteger a la comunidad regional y entregarles las mayores garant\u00edas posibles de que sus actividades cotidianas no se ver\u00e1n alteradas\u00bb<\/strong>.<\/p>\n<p style=\"text-align: justify;\">En la misma l\u00ednea, agreg\u00f3 que <strong>\u00abhemos evaluado las complejidades vividas con las recientes visitas a nuestra regi\u00f3n de las hinchadas de otros clubes de alta convocatoria, que dejaron da\u00f1os a recintos municipales, perturbaron la salud de enfermos convalecientes en hospitales vecinos y se enfrascaron en violentas e injustificadas disputas con la fuerza p\u00fablica. Nuestra Delegaci\u00f3n ha demostrado siempre la mejor disposici\u00f3n a recibir espect\u00e1culos deportivos, recibiendo incluso partidos organizados por equipos que no son regionales, pero antes de eso nos debemos a la ciudadan\u00eda y a la paz de la comunidad\u00bb<\/strong>.<\/p>\n<p style=\"text-align: justify;\">El Delegado Quezada explic\u00f3 que est\u00e1n al tanto del requerimiento de la ANFP de que los clubes organizadores entreguen a los visitantes un m\u00ednimo de 5% del aforo permitido, <strong>\u00abpero tambi\u00e9n sabemos que es potestad de esta autoridad declinar dicha solicitud, como la ejercieron recientemente en este mismo sentido otras autoridades en partidos anteriores\u00bb<\/strong>, sostuvo.<\/p>\n<p>&nbsp;<\/p>\n<p><img loading=\"lazy\" decoding=\"async\" class=\"alignnone size-full wp-image-2282\" src=\"https:\/\/minutaregional.cl\/wp-content\/uploads\/2022\/10\/FfCwdAMWYAARLJu.jpg\" alt=\"\" width=\"1275\" height=\"1650\" \/><\/p>\n<p>&nbsp;<\/p>\n","protected":false},"excerpt":{"rendered":"<p>El Delegado Presidencial Rub\u00e9n Quezada inform\u00f3 que la decisi\u00f3n se bas\u00f3 tomando en cuenta las complejidades vividas tras recientes visitas de otros clubes de alta convocatoria y en la necesidad de proteger a la comunidad y entregarles garant\u00edas de que las actividades cotidianas no se vean afectadas. En relaci\u00f3n a<\/p>\n","protected":false},"author":1,"featured_media":2284,"comment_status":"closed","ping_status":"open","sticky":false,"template":"","format":"standard","meta":{"footnotes":""},"categories":[36,1],"tags":[],"class_list":["post-2281","post","type-post","status-publish","format-standard","has-post-thumbnail","hentry","category-dppcoquimbo","category-noticias-regionales"],"_links":{"self":[{"href":"https:\/\/minutaregional.cl\/index.php?rest_route=\/wp\/v2\/posts\/2281","targetHints":{"allow":["GET"]}}],"collection":[{"href":"https:\/\/minutaregional.cl\/index.php?rest_route=\/wp\/v2\/posts"}],"about":[{"href":"https:\/\/minutaregional.cl\/index.php?rest_route=\/wp\/v2\/types\/post"}],"author":[{"embeddable":true,"href":"https:\/\/minutaregional.cl\/index.php?rest_route=\/wp\/v2\/users\/1"}],"replies":[{"embeddable":true,"href":"https:\/\/minutaregional.cl\/index.php?rest_route=%2Fwp%2Fv2%2Fcomments&post=2281"}],"version-history":[{"count":2,"href":"https:\/\/minutaregional.cl\/index.php?rest_route=\/wp\/v2\/posts\/2281\/revisions"}],"predecessor-version":[{"id":2285,"href":"https:\/\/minutaregional.cl\/index.php?rest_route=\/wp\/v2\/posts\/2281\/revisions\/2285"}],"wp:featuredmedia":[{"embeddable":true,"href":"https:\/\/minutaregional.cl\/index.php?rest_route=\/wp\/v2\/media\/2284"}],"wp:attachment":[{"href":"https:\/\/minutaregional.cl\/index.php?rest_route=%2Fwp%2Fv2%2Fmedia&parent=2281"}],"wp:term":[{"taxonomy":"category","embeddable":true,"href":"https:\/\/minutaregional.cl\/index.php?rest_route=%2Fwp%2Fv2%2Fcategories&post=2281"},{"taxonomy":"post_tag","embeddable":true,"href":"https:\/\/minutaregional.cl\/index.php?rest_route=%2Fwp%2Fv2%2Ftags&post=2281"}],"curies":[{"name":"wp","href":"https:\/\/api.w.org\/{rel}","templated":true}]}}