{"id":2278,"date":"2022-10-14T15:41:51","date_gmt":"2022-10-14T15:41:51","guid":{"rendered":"https:\/\/minutaregional.cl\/?p=2278"},"modified":"2022-10-14T15:41:51","modified_gmt":"2022-10-14T15:41:51","slug":"prochile-abrio-convocatoria-para-el-concurso-silvoagropecuario-2023","status":"publish","type":"post","link":"https:\/\/minutaregional.cl\/?p=2278","title":{"rendered":"ProChile Abri\u00f3 Convocatoria para el Concurso Silvoagropecuario 2023"},"content":{"rendered":"<ul>\n<li style=\"text-align: justify;\"><strong>Este a\u00f1o fueron 4 empresas y 1 asociaci\u00f3n de la Regi\u00f3n de Coquimbo las que se adjudicaron esta iniciativa cuyo objetivo es fomentar la exportaci\u00f3n de productos agr\u00edcolas frescos o procesados, productos pecuarios y madereros. En esta versi\u00f3n se priorizar\u00e1 a postulantes que, dentro de sus beneficiarios del proyecto, tengan a empresas de la Agricultura Familiar Campesina.<\/strong><\/li>\n<\/ul>\n<p style=\"text-align: justify;\"><strong>\u00a0<\/strong>Apoyar la promoci\u00f3n comercial de las empresas chilenas para que estas aumenten sus exportaciones o diversifiquen los mercados de destino, es uno de los principales objetivos del Concurso Silvoagropecuario 2023, cuyas postulaciones se abrieron a trav\u00e9s de la p\u00e1gina web www.prochile.gob.cl y que estar\u00e1n disponibles hasta el pr\u00f3ximo 3 de noviembre.<\/p>\n<p style=\"text-align: justify;\">La informaci\u00f3n la entreg\u00f3 la jefa de la Secretar\u00eda Ejecutiva de Promoci\u00f3n de Exportaciones, Marie Isabel Wainwright, quien explic\u00f3 que se trata de recursos provenientes del Fondo de Promoci\u00f3n de Exportaciones Silvoagropecuarias del Ministerio de Agricultura y que tendr\u00e1n como foco impulsar proyectos sostenibles, escalables, innovadores, asociativos y con un alto impacto en las econom\u00edas regionales.<\/p>\n<p style=\"text-align: justify;\">\u201cEste concurso est\u00e1 dirigido a empresas chilenas, sean personas naturales o jur\u00eddicas, que se dediquen a la exportaci\u00f3n de productos agr\u00edcolas frescos o procesados, productos pecuarios y madereros, que busquen fortalecer su estrategia de internacionalizaci\u00f3n, disminuir riesgos y aprovechar las oportunidades del mercado\u201d, explic\u00f3 Wainwright.<\/p>\n<p style=\"text-align: justify;\">El a\u00f1o pasado un total de 68 empresas fueron beneficiarias con el Concurso Silvoagropecuario de ProChile, de las cuales a junio de 2022 un total de 42 lograron exportar, por un monto total de US$ 29 millones el a\u00f1o pasado y US$ 15 millones en el primer semestre de 2022. Los principales mercados de destino de estas empresas fueron Estados Unidos, China, Brasil e Italia.<\/p>\n<p style=\"text-align: justify;\">La directora regional de ProChile Coquimbo, Paola V\u00e1squez, detall\u00f3 que en la Regi\u00f3n de Coquimbo son 4 empresas y una asociaci\u00f3n las que est\u00e1n trabajando con esta iniciativa. \u201cEste a\u00f1o esperamos que se sumen muchas m\u00e1s. En la zona tenemos una multiplicidad de productos de este sector y lo que queremos es seguir apoy\u00e1ndolos para que puedan comercializarlos en el exterior y diversificar con ello adem\u00e1s nuestra oferta exportadora\u201d, precis\u00f3.<\/p>\n<p style=\"text-align: justify;\">Para sus postulaciones las empresas pueden proponer diversas acciones de promoci\u00f3n para sus exportaciones, tales como\u00a0 difusi\u00f3n en plataformas de comercio electr\u00f3nico, visitas a ferias internacionales, asesor\u00edas legales para acceso de mercado,\u00a0 desarrollo de informaci\u00f3n o estudios\u00a0 de mercado,\u00a0 asistencia a foros, seminarios, talleres y eventos de difusi\u00f3n internacionales de car\u00e1cter comercial, la realizaci\u00f3n de foros, seminarios y talleres de difusi\u00f3n en Chile y de \u00edndole comercial, la instalaci\u00f3n de oficinas en el exterior, la tra\u00edda de compradores o potenciales compradores, la tra\u00edda de promotores internacionales como l\u00edderes de opini\u00f3n o periodistas, la participaci\u00f3n como expositores en ferias internacionales, la\u00a0 realizaci\u00f3n de eventos\u00a0 como degustaciones o exhibiciones de productos o servicios, misiones comerciales y el desarrollo de estrategias de branding, campa\u00f1as publicitarias y promocionales, entre otras.<\/p>\n<p style=\"text-align: justify;\">En la evaluaci\u00f3n de los proyectos presentados, ProChile evaluar\u00e1: la capacidad de gesti\u00f3n, referida a poder ejecutar el proyecto planteado; la oportunidad del producto en el mercado, que es determinada por las oficinas comerciales; el potencial de la oferta exportable, que es analizado por los sectores y tambi\u00e9n eval\u00faa ODEPA, la Oficina de Estudios y Pol\u00edticas Agrarias del Ministerio de Agricultura.<\/p>\n<p style=\"text-align: justify;\">\u201cEn este concurso tambi\u00e9n incluimos un \u00fanico criterio distinto y que tiene que ver con favorecer a postulantes que, dentro de sus beneficiarios del proyecto, tengan a empresas de la Agricultura Familiar Campesina\u201d, a\u00f1adi\u00f3 Wainwright.<\/p>\n<p style=\"text-align: justify;\">Dentro de estos indicadores, ProChile busca fomentar la sostenibilidad que es uno de los ejes estrat\u00e9gicos transversales de la instituci\u00f3n y uno de los criterios de evaluaci\u00f3n de los concursos, ya que se busca premiar a empresas que incorporen la gesti\u00f3n sostenible.<\/p>\n<p style=\"text-align: justify;\">Pueden postular personas naturales con iniciaci\u00f3n de actividades, empresas exportadoras cuyo RUT figure con exportaciones en el Servicio Nacional de Aduanas (SNA), cooperativas, gremios, federaciones, entre otros.<\/p>\n<p style=\"text-align: justify;\">Los proyectos pueden ser individuales o asociativos. El porcentaje de financiamiento que aportar\u00e1 ProChile a los proyectos adjudicados var\u00eda seg\u00fan el tama\u00f1o de las empresas: hasta 65 % con tope de $ 10 millones de cofinanciamiento p\u00fablico para personas naturales, micro y peque\u00f1as. Este tope sube a $ 20 millones para proyectos asociativos. Para proyectos sectoriales el cofinanciamiento p\u00fablico m\u00e1ximo ser\u00e1 de hasta 50 % con un tope de $ 200 millones.<\/p>\n<p style=\"text-align: justify;\">M\u00e1s informaci\u00f3n en <a href=\"https:\/\/www.prochile.gob.cl\/\">https:\/\/www.prochile.gob.cl\/<\/a><\/p>\n<p>&nbsp;<\/p>\n","protected":false},"excerpt":{"rendered":"<p>Este a\u00f1o fueron 4 empresas y 1 asociaci\u00f3n de la Regi\u00f3n de Coquimbo las que se adjudicaron esta iniciativa cuyo objetivo es fomentar la exportaci\u00f3n de productos agr\u00edcolas frescos o procesados, productos pecuarios y madereros. En esta versi\u00f3n se priorizar\u00e1 a postulantes que, dentro de sus beneficiarios del proyecto, tengan<\/p>\n","protected":false},"author":1,"featured_media":2279,"comment_status":"closed","ping_status":"open","sticky":false,"template":"","format":"standard","meta":{"footnotes":""},"categories":[1],"tags":[],"class_list":["post-2278","post","type-post","status-publish","format-standard","has-post-thumbnail","hentry","category-noticias-regionales"],"_links":{"self":[{"href":"https:\/\/minutaregional.cl\/index.php?rest_route=\/wp\/v2\/posts\/2278","targetHints":{"allow":["GET"]}}],"collection":[{"href":"https:\/\/minutaregional.cl\/index.php?rest_route=\/wp\/v2\/posts"}],"about":[{"href":"https:\/\/minutaregional.cl\/index.php?rest_route=\/wp\/v2\/types\/post"}],"author":[{"embeddable":true,"href":"https:\/\/minutaregional.cl\/index.php?rest_route=\/wp\/v2\/users\/1"}],"replies":[{"embeddable":true,"href":"https:\/\/minutaregional.cl\/index.php?rest_route=%2Fwp%2Fv2%2Fcomments&post=2278"}],"version-history":[{"count":1,"href":"https:\/\/minutaregional.cl\/index.php?rest_route=\/wp\/v2\/posts\/2278\/revisions"}],"predecessor-version":[{"id":2280,"href":"https:\/\/minutaregional.cl\/index.php?rest_route=\/wp\/v2\/posts\/2278\/revisions\/2280"}],"wp:featuredmedia":[{"embeddable":true,"href":"https:\/\/minutaregional.cl\/index.php?rest_route=\/wp\/v2\/media\/2279"}],"wp:attachment":[{"href":"https:\/\/minutaregional.cl\/index.php?rest_route=%2Fwp%2Fv2%2Fmedia&parent=2278"}],"wp:term":[{"taxonomy":"category","embeddable":true,"href":"https:\/\/minutaregional.cl\/index.php?rest_route=%2Fwp%2Fv2%2Fcategories&post=2278"},{"taxonomy":"post_tag","embeddable":true,"href":"https:\/\/minutaregional.cl\/index.php?rest_route=%2Fwp%2Fv2%2Ftags&post=2278"}],"curies":[{"name":"wp","href":"https:\/\/api.w.org\/{rel}","templated":true}]}}