{"id":2275,"date":"2022-10-14T14:24:09","date_gmt":"2022-10-14T14:24:09","guid":{"rendered":"https:\/\/minutaregional.cl\/?p=2275"},"modified":"2022-10-14T14:24:09","modified_gmt":"2022-10-14T14:24:09","slug":"gobierno-concreta-nutrida-agenda-en-los-vilos","status":"publish","type":"post","link":"https:\/\/minutaregional.cl\/?p=2275","title":{"rendered":"Gobierno Concreta Nutrida Agenda en Los Vilos"},"content":{"rendered":"<ul>\n<li style=\"text-align: justify;\"><strong><em>El Delegado Presidencial Rub\u00e9n Quezada encabez\u00f3 un despliegue de servicios para atender y abordar las principales problem\u00e1ticas de la comuna. \u201cSomos un Gobierno que est\u00e1 en los territorios y con los alcaldes\u201d, indic\u00f3 la autoridad.<\/em><\/strong><\/li>\n<\/ul>\n<p style=\"text-align: justify;\"><strong>\u00a0<\/strong>M\u00faltiples temas marcaron la agenda del Delegado Presidencial Rub\u00e9n Quezada en Los Vilos a principios de esta semana. Y es que la comuna de Choapa recibi\u00f3 a los servicios p\u00fablicos para plantear sus problem\u00e1ticas en la voz de las autoridades locales y sus vecinos y vecinas.<\/p>\n<p style=\"text-align: justify;\"><strong>\u201cTenemos m\u00faltiples compromisos en distintas materias, lo que tiene que ver con vivienda, salud, tambi\u00e9n medio ambiente sobre todo que es un tema complejo y se ha comprometido nuestro Presidente Gabriel Boric a abordarlo de manera seria. Este es un Gobierno que quiere que exista desarrollo, pero que exista con un respeto al medio ambiente y a las personas que habitan en el territorio\u201d<\/strong>, indic\u00f3 el Delegado Presidencial Rub\u00e9n Quezada.<\/p>\n<p style=\"text-align: justify;\">Una de las grandes preocupaciones de la comunidad es el tema ambiental, especialmente, por la prolongada presencia en la costa (desde mediados de agosto) de la plataforma de Minera Los Pelambres. Una situaci\u00f3n que los mantiene en alerta.<\/p>\n<p style=\"text-align: justify;\">Al respecto, el Seremi de Medioambiente, Leonardo Gros, indic\u00f3 que <strong>\u201ces una situaci\u00f3n grave, pero la institucionalidad ambiental est\u00e1 desde el d\u00eda uno presente para determinar la responsabilidad detr\u00e1s del hecho. Pero queremos saber sus dudas y canalizarlas para darles respuesta, porque se viene una temporada estival y no queremos que estos hechos los afecte\u201d<\/strong>.<\/p>\n<p style=\"text-align: justify;\">Por otra parte, la salud tambi\u00e9n representa una inquietud. Un tema que el Delegado Presidencial trat\u00f3 con vecinos y vecinas y que se vio reflejado, en la necesidad planteada por usuarios del centro de di\u00e1lisis de contar con un especialista, ya que desde hace algunos meses el establecimiento no cuenta con un nefr\u00f3logo.<\/p>\n<p style=\"text-align: justify;\">En esta l\u00ednea, Ximena Leiva, Presidenta de la agrupaci\u00f3n de di\u00e1lisis de Los Vilos, se\u00f1al\u00f3 que <strong>\u00abel nefr\u00f3logo es un punto muy delicado, porque son escasos. Se va a tratar de cubrir, no s\u00e9 si con telemedicina o con un m\u00e9dico internista, pero lo van a tratar de cubrir ahora, que hoy d\u00eda hab\u00eda una doctora encargada aqu\u00ed, entonces igual va a estar esa opci\u00f3n que la present\u00f3 el Delegado y es bueno,\u00a0 es bueno que el Gobierno venga a la gente\u00bb<\/strong>.<\/p>\n<p style=\"text-align: justify;\">En materia de vivienda, de acuerdo al municipio, existe un d\u00e9ficit cercano a las 2 mil viviendas sociales, ya que, enfatiz\u00f3 el Alcalde Christian Gros, hace m\u00e1s de 10 a\u00f1os que no se construyen soluciones habitacionales en el \u00e1rea urbana de la comuna.<\/p>\n<p style=\"text-align: justify;\">Desde aqu\u00ed es que se trabajar\u00e1 para llevar el Plan de Emergencia Habitacional a Los Vilos, uno de los compromisos asumidos en el marco de esta agenda.<\/p>\n<p style=\"text-align: justify;\">Por eso para el Alcalde Christian Gross, <strong>\u201cera sumamente importante la presencia de Gobierno. Hicimos un llamado para asumir que estamos frente a una crisis social y ambiental y esto nos llama a trabajar en conjunto para el dise\u00f1o de una estrategia de desarrollo comunal. Ac\u00e1 la comuna ha dicho que tengamos un plan y para eso debemos trabajar con el Gobierno y esperamos, a partir de los acuerdos en todos los temas tratados, tener respuestas concretas\u201d<\/strong>.<\/p>\n<p style=\"text-align: justify;\"><strong>\u201cNosotros somos un Gobierno que est\u00e1 en los territorios y con los alcaldes. Queremos que exista desarrollo, con respeto al medio ambiente y a las personas. Vamos a establecer una agenda de trabajo con miras al crecimiento de Los Vilos porque no podemos dejar de lado sus potencialidades\u201d<\/strong>, enfatiz\u00f3 el Delegado Quezada.<\/p>\n<p style=\"text-align: justify;\">Mientras que la Delegada Presidencial Provincial, Nataly Carvajal, acot\u00f3 que <strong>\u201ctodo esto formar\u00e1 parte de una carta gantt que tenemos que desarrollar de manera colaborativa, de manera coordinada con el municipio, su concejo y por supuesto, los vecinos y vecinas de la comuna de Los Vilos\u201d<\/strong>.<\/p>\n<p style=\"text-align: justify;\">Reuni\u00f3n de trabajo con la PDI y Carabineros, dialogo con gestores y gestoras culturales, asambleas ciudadanas y conversatorio con mujeres tambi\u00e9n fueron parte de la \u201cAgenda Los Vilos\u201d, una que concluy\u00f3 con la entrega de los recursos del Fondo Nacional del Adulto Mayor de SENAMA a organizaciones locales.<\/p>\n","protected":false},"excerpt":{"rendered":"<p>El Delegado Presidencial Rub\u00e9n Quezada encabez\u00f3 un despliegue de servicios para atender y abordar las principales problem\u00e1ticas de la comuna. \u201cSomos un Gobierno que est\u00e1 en los territorios y con los alcaldes\u201d, indic\u00f3 la autoridad. \u00a0M\u00faltiples temas marcaron la agenda del Delegado Presidencial Rub\u00e9n Quezada en Los Vilos a principios<\/p>\n","protected":false},"author":1,"featured_media":2276,"comment_status":"closed","ping_status":"open","sticky":false,"template":"","format":"standard","meta":{"footnotes":""},"categories":[36,1],"tags":[],"class_list":["post-2275","post","type-post","status-publish","format-standard","has-post-thumbnail","hentry","category-dppcoquimbo","category-noticias-regionales"],"_links":{"self":[{"href":"https:\/\/minutaregional.cl\/index.php?rest_route=\/wp\/v2\/posts\/2275","targetHints":{"allow":["GET"]}}],"collection":[{"href":"https:\/\/minutaregional.cl\/index.php?rest_route=\/wp\/v2\/posts"}],"about":[{"href":"https:\/\/minutaregional.cl\/index.php?rest_route=\/wp\/v2\/types\/post"}],"author":[{"embeddable":true,"href":"https:\/\/minutaregional.cl\/index.php?rest_route=\/wp\/v2\/users\/1"}],"replies":[{"embeddable":true,"href":"https:\/\/minutaregional.cl\/index.php?rest_route=%2Fwp%2Fv2%2Fcomments&post=2275"}],"version-history":[{"count":1,"href":"https:\/\/minutaregional.cl\/index.php?rest_route=\/wp\/v2\/posts\/2275\/revisions"}],"predecessor-version":[{"id":2277,"href":"https:\/\/minutaregional.cl\/index.php?rest_route=\/wp\/v2\/posts\/2275\/revisions\/2277"}],"wp:featuredmedia":[{"embeddable":true,"href":"https:\/\/minutaregional.cl\/index.php?rest_route=\/wp\/v2\/media\/2276"}],"wp:attachment":[{"href":"https:\/\/minutaregional.cl\/index.php?rest_route=%2Fwp%2Fv2%2Fmedia&parent=2275"}],"wp:term":[{"taxonomy":"category","embeddable":true,"href":"https:\/\/minutaregional.cl\/index.php?rest_route=%2Fwp%2Fv2%2Fcategories&post=2275"},{"taxonomy":"post_tag","embeddable":true,"href":"https:\/\/minutaregional.cl\/index.php?rest_route=%2Fwp%2Fv2%2Ftags&post=2275"}],"curies":[{"name":"wp","href":"https:\/\/api.w.org\/{rel}","templated":true}]}}