{"id":2269,"date":"2022-10-13T23:36:56","date_gmt":"2022-10-13T23:36:56","guid":{"rendered":"https:\/\/minutaregional.cl\/?p=2269"},"modified":"2022-10-13T23:36:56","modified_gmt":"2022-10-13T23:36:56","slug":"mas-de-16-mil-funcionarios-de-salud-podran-ser-vacunados-contra-el-covid-19-con-dosis-bivalente","status":"publish","type":"post","link":"https:\/\/minutaregional.cl\/?p=2269","title":{"rendered":"M\u00e1s de 16 Mil Funcionarios de Salud Podr\u00e1n Ser Vacunados Contra el  COVID-19 Con Dosis Bivalente"},"content":{"rendered":"<ul>\n<li style=\"text-align: justify;\"><strong><em>Chile es el primer pa\u00eds de Latinoam\u00e9rica que incorpora esta vacuna a su Plan Nacional de Inmunizaci\u00f3n<\/em><\/strong><\/li>\n<\/ul>\n<p style=\"text-align: justify;\">La Seremi de Salud Paola Salas junto con el Director del Servicio de Salud Coquimbo, German L\u00f3pez visitaron el hospital de Coquimbo para dar el vamos al proceso de vacunaci\u00f3n contra el Covid_19 con la dosis Bivalente a funcionarios de salud.<\/p>\n<p style=\"text-align: justify;\">La estrategia de vacunaci\u00f3n en esta primera etapa tiene como grupos objetivos priorizados a los funcionarios de salud y a las personas inmunodeprimidas.<\/p>\n<p style=\"text-align: justify;\">\u201cEstamos muy contentos de iniciar esta vacunaci\u00f3n porque proteger al equipo de salud es proteger a la poblaci\u00f3n. Ellos son los que atienden a los enfermos de Coronavirus y, por lo tanto, sin el equipo de salud no podemos hacer salud p\u00fablica\u201d, indic\u00f3 la Seremi de Salud Paola Salas.<\/p>\n<p style=\"text-align: justify;\">En tanto, el director del Servicio de Salud Coquimbo Germ\u00e1n L\u00f3pez se\u00f1al\u00f3 que la vacunaci\u00f3n le corresponde a trabajadores de salud del sector p\u00fablico y privado \u201cEstamos empezando una campa\u00f1a de protecci\u00f3n para todos los funcionarios de la salud p\u00fablica, pero tambi\u00e9n, para los de \u00e1rea privada que son alrededor de 2.000 funcionarios m\u00e1s, por lo cual, tenemos m\u00e1s de 16 mil funcionarios en toda la regi\u00f3n\u201d. Explic\u00f3.<\/p>\n<p style=\"text-align: justify;\">En el hospital de Coquimbo, m\u00e1s de 1.500 funcionarios de salud les corresponde recibir la vacuna. As\u00ed nos explica la funcionaria Luz Maturana, \u201cEs importante para evitar los contagios. Trabajamos en un \u00e1rea cl\u00ednica e invito a todos mis compa\u00f1eros para que se vacunen\u201d.<\/p>\n<p style=\"text-align: justify;\">Finamente, el director del Hospital de Coquimbo Christian Vargas, sostuvo que \u201cLo recibimos con alegr\u00eda porque esto nos permite trabajar con mayor grado de seguridad, de enfrentar la actividad cl\u00ednica diaria en la atenci\u00f3n a nuestros pacientes. La pandemia no ha terminado, esto se va a transformar m\u00e1s bien en una enfermedad end\u00e9mica, por lo tanto, el equipo sanitario debe estar resguardado\u201d se\u00f1al\u00f3.<\/p>\n<p style=\"text-align: justify;\">En esta primera fase, que se extender\u00e1 entre el 11 y el 28 de octubre, la inoculaci\u00f3n con la vacuna bivalente contra el COVID-19 estar\u00e1 destinada a funcionarios de salud, incluyendo personal cl\u00ednico y administrativo, de atenci\u00f3n intra y extrahospitalaria, servicios m\u00e9dicos y dentales, servicios de apoyo cl\u00ednico como laboratorios, radiolog\u00eda, farmacia, servicios de anatom\u00eda patol\u00f3gica, alimentaci\u00f3n, transporte, seguridad, aseo, y estudiantes del \u00e1rea de la salud que est\u00e9n en pr\u00e1ctica cl\u00ednica.<\/p>\n<p style=\"text-align: justify;\">Se vacunar\u00e1 adem\u00e1s en esta fase a personas inmunodeprimidas, grupo que incluye a pacientes en di\u00e1lisis, con trasplante de \u00f3rganos s\u00f3lidos de coraz\u00f3n, pulmones, ri\u00f1\u00f3n, h\u00edgado y p\u00e1ncreas; tambi\u00e9n quienes recibieron trasplante de precursores hematopoy\u00e9ticos (m\u00e9dula \u00f3sea); pacientes en tratamiento por c\u00e1ncer y con enfermedades autoinmunes que reciben tratamientos biol\u00f3gicos.<\/p>\n<p style=\"text-align: justify;\">El proceso de vacunaci\u00f3n se realizar\u00e1 en vacunatorios p\u00fablicos y privados en convenio con la Seremi de Salud respectiva.<\/p>\n<p style=\"text-align: justify;\">La vacuna es gratuita y el calendario de administraci\u00f3n se encontrar\u00e1 disponible en las plataformas y redes sociales del Ministerio de Salud.<\/p>\n","protected":false},"excerpt":{"rendered":"<p>Chile es el primer pa\u00eds de Latinoam\u00e9rica que incorpora esta vacuna a su Plan Nacional de Inmunizaci\u00f3n La Seremi de Salud Paola Salas junto con el Director del Servicio de Salud Coquimbo, German L\u00f3pez visitaron el hospital de Coquimbo para dar el vamos al proceso de vacunaci\u00f3n contra el Covid_19<\/p>\n","protected":false},"author":1,"featured_media":2270,"comment_status":"closed","ping_status":"open","sticky":false,"template":"","format":"standard","meta":{"footnotes":""},"categories":[51,1],"tags":[],"class_list":["post-2269","post","type-post","status-publish","format-standard","has-post-thumbnail","hentry","category-seremisalud_coquimbo","category-noticias-regionales"],"_links":{"self":[{"href":"https:\/\/minutaregional.cl\/index.php?rest_route=\/wp\/v2\/posts\/2269","targetHints":{"allow":["GET"]}}],"collection":[{"href":"https:\/\/minutaregional.cl\/index.php?rest_route=\/wp\/v2\/posts"}],"about":[{"href":"https:\/\/minutaregional.cl\/index.php?rest_route=\/wp\/v2\/types\/post"}],"author":[{"embeddable":true,"href":"https:\/\/minutaregional.cl\/index.php?rest_route=\/wp\/v2\/users\/1"}],"replies":[{"embeddable":true,"href":"https:\/\/minutaregional.cl\/index.php?rest_route=%2Fwp%2Fv2%2Fcomments&post=2269"}],"version-history":[{"count":1,"href":"https:\/\/minutaregional.cl\/index.php?rest_route=\/wp\/v2\/posts\/2269\/revisions"}],"predecessor-version":[{"id":2271,"href":"https:\/\/minutaregional.cl\/index.php?rest_route=\/wp\/v2\/posts\/2269\/revisions\/2271"}],"wp:featuredmedia":[{"embeddable":true,"href":"https:\/\/minutaregional.cl\/index.php?rest_route=\/wp\/v2\/media\/2270"}],"wp:attachment":[{"href":"https:\/\/minutaregional.cl\/index.php?rest_route=%2Fwp%2Fv2%2Fmedia&parent=2269"}],"wp:term":[{"taxonomy":"category","embeddable":true,"href":"https:\/\/minutaregional.cl\/index.php?rest_route=%2Fwp%2Fv2%2Fcategories&post=2269"},{"taxonomy":"post_tag","embeddable":true,"href":"https:\/\/minutaregional.cl\/index.php?rest_route=%2Fwp%2Fv2%2Ftags&post=2269"}],"curies":[{"name":"wp","href":"https:\/\/api.w.org\/{rel}","templated":true}]}}