{"id":2266,"date":"2022-10-12T17:41:41","date_gmt":"2022-10-12T17:41:41","guid":{"rendered":"https:\/\/minutaregional.cl\/?p=2266"},"modified":"2022-10-12T17:41:41","modified_gmt":"2022-10-12T17:41:41","slug":"diputado-manouchehri-el-proyecto-salvavidas-pymes-avanza-a-paso-firme","status":"publish","type":"post","link":"https:\/\/minutaregional.cl\/?p=2266","title":{"rendered":"Diputado Manouchehri: \u201cEl proyecto \u2018Salvavidas Pymes\u2019 avanza a paso firme\u201d"},"content":{"rendered":"<p style=\"text-align: justify;\"><em>El proyecto impulsado por el legislador socialista, que suspende por 12 meses los juicios contra las Pymes, fue ratificado transversalmente por la Comisi\u00f3n de Econom\u00eda y despachado a Sala.<\/em><\/p>\n<p style=\"text-align: justify;\">La Comisi\u00f3n de Econom\u00eda de la C\u00e1mara de Diputadas y Diputados aprob\u00f3 en particular el proyecto denominado \u201cSalvavidas Pymes\u201d. La iniciativa, que establece la suspensi\u00f3n de los cobros ejecutivos y procedimientos judiciales en favor de las MiPymes por un per\u00edodo de 12 meses, fue despachada a la Sala para su pronta discusi\u00f3n.<\/p>\n<p style=\"text-align: justify;\">Su autor, el diputado socialista y presidente de la comisi\u00f3n Daniel Manouchehri, valor\u00f3 el respaldo transversal de los parlamentarios. \u201cEl proyecto \u2018Salvavidas Pymes\u2019 avanza a paso firme. No podemos dejar que las Pymes mueran. Las Pymes y los trabajadores de Chile necesitan un respiro ante las tremendas dificultades de la econom\u00eda mundial. Con este proyecto las peque\u00f1as y medianas empresas tendr\u00e1n un salvavidas para sortear la crisis, mientras el Estado construye soluciones permanentes para su rescate\u201d, se\u00f1al\u00f3.<\/p>\n<p style=\"text-align: justify;\">La iniciativa \u201cSalvavidas Pymes\u201d se presenta ante la necesidad de las micro, peque\u00f1as y medianas empresas para resolver sus dificultades econ\u00f3micas, acentuadas por las restricciones sanitarias por la pandemia del Covid-19.<\/p>\n<p style=\"text-align: justify;\">\u201cHemos escuchado a las organizaciones civiles, a representantes de las peque\u00f1as y medianas empresas, gremios, cooperativas, emprendedores y al Mercado Financiero. Esperamos pronto poder discutir el proyecto en la Sala y que siga avanzando mientras trabajamos en el rescate de las Pymes\u201d, agreg\u00f3 el legislador de la Regi\u00f3n de Coquimbo.<\/p>\n<p style=\"text-align: justify;\">El proyecto cuenta con el respaldo transversal de diversas bancadas, principalmente de los integrantes de la Comisi\u00f3n. Son coautores las diputadas Ana Mar\u00eda Bravo (PS), Javiera Morales (CS), y los diputados Boris Barrera (PC), Alejandro Bernales (PL), Miguel \u00c1ngel Calisto (DC), Joaqu\u00edn Lav\u00edn Le\u00f3n (UDI), Miguel Mellado (RN), Daniel Melo y Leonardo Soto del PS.<\/p>\n<p style=\"text-align: justify;\">Durante la sesi\u00f3n, la Comisi\u00f3n de Econom\u00eda adem\u00e1s aprob\u00f3 en general la moci\u00f3n para establecer como regla general la entrega de estados de cuenta o informaciones peri\u00f3dicas relativas a productos o servicios mediante medios digitales. Junto con la iniciativa que crea el Registro de Deuda Consolidada, \u00e9stas se votar\u00edan en particular en las pr\u00f3ximas semanas.<\/p>\n<p>&nbsp;<\/p>\n","protected":false},"excerpt":{"rendered":"<p>El proyecto impulsado por el legislador socialista, que suspende por 12 meses los juicios contra las Pymes, fue ratificado transversalmente por la Comisi\u00f3n de Econom\u00eda y despachado a Sala. La Comisi\u00f3n de Econom\u00eda de la C\u00e1mara de Diputadas y Diputados aprob\u00f3 en particular el proyecto denominado \u201cSalvavidas Pymes\u201d. La iniciativa,<\/p>\n","protected":false},"author":1,"featured_media":2267,"comment_status":"closed","ping_status":"open","sticky":false,"template":"","format":"standard","meta":{"footnotes":""},"categories":[26],"tags":[],"class_list":["post-2266","post","type-post","status-publish","format-standard","has-post-thumbnail","hentry","category-camara-de-diputadas-y-diputados"],"_links":{"self":[{"href":"https:\/\/minutaregional.cl\/index.php?rest_route=\/wp\/v2\/posts\/2266","targetHints":{"allow":["GET"]}}],"collection":[{"href":"https:\/\/minutaregional.cl\/index.php?rest_route=\/wp\/v2\/posts"}],"about":[{"href":"https:\/\/minutaregional.cl\/index.php?rest_route=\/wp\/v2\/types\/post"}],"author":[{"embeddable":true,"href":"https:\/\/minutaregional.cl\/index.php?rest_route=\/wp\/v2\/users\/1"}],"replies":[{"embeddable":true,"href":"https:\/\/minutaregional.cl\/index.php?rest_route=%2Fwp%2Fv2%2Fcomments&post=2266"}],"version-history":[{"count":1,"href":"https:\/\/minutaregional.cl\/index.php?rest_route=\/wp\/v2\/posts\/2266\/revisions"}],"predecessor-version":[{"id":2268,"href":"https:\/\/minutaregional.cl\/index.php?rest_route=\/wp\/v2\/posts\/2266\/revisions\/2268"}],"wp:featuredmedia":[{"embeddable":true,"href":"https:\/\/minutaregional.cl\/index.php?rest_route=\/wp\/v2\/media\/2267"}],"wp:attachment":[{"href":"https:\/\/minutaregional.cl\/index.php?rest_route=%2Fwp%2Fv2%2Fmedia&parent=2266"}],"wp:term":[{"taxonomy":"category","embeddable":true,"href":"https:\/\/minutaregional.cl\/index.php?rest_route=%2Fwp%2Fv2%2Fcategories&post=2266"},{"taxonomy":"post_tag","embeddable":true,"href":"https:\/\/minutaregional.cl\/index.php?rest_route=%2Fwp%2Fv2%2Ftags&post=2266"}],"curies":[{"name":"wp","href":"https:\/\/api.w.org\/{rel}","templated":true}]}}