{"id":2259,"date":"2022-10-11T23:17:44","date_gmt":"2022-10-11T23:17:44","guid":{"rendered":"https:\/\/minutaregional.cl\/?p=2259"},"modified":"2022-10-11T23:18:55","modified_gmt":"2022-10-11T23:18:55","slug":"illapel-te-cuida-el-programa-que-busca-priorizar-a-los-cuidadores-de-personas-dependientes","status":"publish","type":"post","link":"https:\/\/minutaregional.cl\/?p=2259","title":{"rendered":"ILLAPEL TE CUIDA : EL PROGRAMA QUE BUSCA PRIORIZAR A LOS CUIDADORES DE PERSONAS DEPENDIENTES"},"content":{"rendered":"<p style=\"text-align: justify;\">A seis meses de su lanzamiento, esta iniciativa ha beneficiado a diferentes cuidadores de las personas que sufren de dependencia en la comuna de Illapel, quienes no tienen la posibilidad de contar con tiempo libre o descansos por la necesidad de sus familiares de asistencia las veinticuatro horas del d\u00eda.<\/p>\n<p style=\"text-align: justify;\">Illapel Te Cuida consiste en instancias psicosociales para ayudarles en su salud mental, y pr\u00f3ximamente, de instancias de relevos para que tengan tiempo libre.\u00a0 El pie inicial se di\u00f3 el d\u00eda 8 de abril del presente a\u00f1o en las inmediaciones de la Escuela Juan Carrasco Risco con la presencia de diferentes autoridades donde podemos destacar al Director del Hospital de Illapel, Alejandro Cespedes y el Alcalde de la comuna, Denis Cort\u00e9s Aguilera.<\/p>\n<p style=\"text-align: justify;\">El Programa de Atenci\u00f3n Domiciliaria a usuarios con Dependencia Severa (PADDS), tiene inscritos alrededor de 150 personas tanto del sector urbano, de Villa San Rafael como rural, las cuales reciben atenciones de los distintos profesionales de acuerdo a sus necesidades. Estos cuidados son permanentes, ya que por su condici\u00f3n de movilidad reducida como de alteraciones cognitivas, no pueden llevar a cabo sus necesidades b\u00e1sicas.<\/p>\n<p style=\"text-align: justify;\">La labor que desarrollan nuestros vecinos implica invertir gran parte de su tiempo, dejando muchas veces sus actividades personales postergadas o someten sus tiempos de esparcimiento, recreaci\u00f3n o descanso, existiendo casos particulares en los que cuentan con el apoyo de otros familiares, sin embargo, en la mayor\u00eda de los casos esto no ocurre, ya que est\u00e1n solos al cuidado de su ser querido, lo que implica una gran sobrecarga tanto f\u00edsica como psicol\u00f3gica.<\/p>\n<p style=\"text-align: justify;\">Dado el diagn\u00f3stico anterior, se crea el Programa \u201cIllapel te cuida\u201d, que busca apoyarlos, mediante instancias de relevo en las cuales un TENS y\/o monitor capacitado se queda cuidando a la persona dependiente, con el objetivo de facilitar una oportunidad de descanso, para realizar actividades personales, tr\u00e1mites u otras que puedan contribuir al desarrollo propio del cuidador. Adem\u00e1s, se busca entregar apoyo psicosocial, a trav\u00e9s de intervenciones y seguimiento, enfocado siempre en disminuir la sobrecarga de estos.<\/p>\n<p>&nbsp;<\/p>\n<p>&nbsp;<\/p>\n","protected":false},"excerpt":{"rendered":"<p>A seis meses de su lanzamiento, esta iniciativa ha beneficiado a diferentes cuidadores de las personas que sufren de dependencia en la comuna de Illapel, quienes no tienen la posibilidad de contar con tiempo libre o descansos por la necesidad de sus familiares de asistencia las veinticuatro horas del d\u00eda.<\/p>\n","protected":false},"author":1,"featured_media":2260,"comment_status":"closed","ping_status":"open","sticky":false,"template":"","format":"standard","meta":{"footnotes":""},"categories":[22,21],"tags":[],"class_list":["post-2259","post","type-post","status-publish","format-standard","has-post-thumbnail","hentry","category-muni-illapel","category-municipalidades"],"_links":{"self":[{"href":"https:\/\/minutaregional.cl\/index.php?rest_route=\/wp\/v2\/posts\/2259","targetHints":{"allow":["GET"]}}],"collection":[{"href":"https:\/\/minutaregional.cl\/index.php?rest_route=\/wp\/v2\/posts"}],"about":[{"href":"https:\/\/minutaregional.cl\/index.php?rest_route=\/wp\/v2\/types\/post"}],"author":[{"embeddable":true,"href":"https:\/\/minutaregional.cl\/index.php?rest_route=\/wp\/v2\/users\/1"}],"replies":[{"embeddable":true,"href":"https:\/\/minutaregional.cl\/index.php?rest_route=%2Fwp%2Fv2%2Fcomments&post=2259"}],"version-history":[{"count":1,"href":"https:\/\/minutaregional.cl\/index.php?rest_route=\/wp\/v2\/posts\/2259\/revisions"}],"predecessor-version":[{"id":2261,"href":"https:\/\/minutaregional.cl\/index.php?rest_route=\/wp\/v2\/posts\/2259\/revisions\/2261"}],"wp:featuredmedia":[{"embeddable":true,"href":"https:\/\/minutaregional.cl\/index.php?rest_route=\/wp\/v2\/media\/2260"}],"wp:attachment":[{"href":"https:\/\/minutaregional.cl\/index.php?rest_route=%2Fwp%2Fv2%2Fmedia&parent=2259"}],"wp:term":[{"taxonomy":"category","embeddable":true,"href":"https:\/\/minutaregional.cl\/index.php?rest_route=%2Fwp%2Fv2%2Fcategories&post=2259"},{"taxonomy":"post_tag","embeddable":true,"href":"https:\/\/minutaregional.cl\/index.php?rest_route=%2Fwp%2Fv2%2Ftags&post=2259"}],"curies":[{"name":"wp","href":"https:\/\/api.w.org\/{rel}","templated":true}]}}