{"id":2256,"date":"2022-10-11T22:15:41","date_gmt":"2022-10-11T22:15:41","guid":{"rendered":"https:\/\/minutaregional.cl\/?p=2256"},"modified":"2022-10-11T22:15:41","modified_gmt":"2022-10-11T22:15:41","slug":"comprometen-esfuerzos-para-avanzar-con-el-plan-de-emergencia-habitacional-en-los-vilos","status":"publish","type":"post","link":"https:\/\/minutaregional.cl\/?p=2256","title":{"rendered":"Comprometen esfuerzos para avanzar con el Plan de Emergencia Habitacional en Los Vilos"},"content":{"rendered":"<ul>\n<li style=\"text-align: justify;\">Delegado Presidencial, Seremi de Vivienda y Urbanismo, alcalde de Los Vilos y Concejo Municipal coordinaron l\u00ednea de trabajo para ir dando soluciones a comit\u00e9s de vivienda.<\/li>\n<\/ul>\n<p dir=\"ltr\" style=\"text-align: justify;\">Con una multitudinaria presencia de dirigentas y vecinos de los 14 comit\u00e9s de vivienda de Los Vilos, se realiz\u00f3 una reuni\u00f3n extraordinaria para tratar diversas problem\u00e1ticas de vivienda convocada por el Concejo Municipal, alcalde Christian Gross y encabezada por el Delegado Presidencial, Rub\u00e9n Quezada, en el marco de una agenda integral de las autoridades de Gobierno, que contempl\u00f3 la presencia tambi\u00e9n de los Seremis de Vivienda y Urbanismo, Medioambiente, Subdere, de Gobierno, entre otros secretarios regionales ministeriales.<\/p>\n<p dir=\"ltr\" style=\"text-align: justify;\">En la ocasi\u00f3n se expuso la realidad de la comuna que presenta un d\u00e9ficit de viviendas, altos precios y escasez de arriendos, adem\u00e1s de la b\u00fasqueda para encontrar terrenos que sean viables para desarrollar proyectos habitacionales.<\/p>\n<p dir=\"ltr\" style=\"text-align: justify;\">Y dado que el Gobierno est\u00e1 implementando el Plan de Emergencia Habitacional se realizaron diversas coordinaciones, entre los actores presentes ratificando un compromiso desde las Delegaciones Regional y Provincial de Choapa, Seremi de Vivienda y Municipalidad de Los Vilos, para evaluar terrenos y si es necesario comprar o expropiar en un futuro.<\/p>\n<p dir=\"ltr\" style=\"text-align: justify;\">Reuni\u00f3n que dej\u00f3 conformes a los dirigentas y dirigentas que ten\u00edan muchas dudas y desconfianza por los a\u00f1os que no han existido soluciones habitacionales en el \u00e1rea urbana de Los Vilos.<\/p>\n<p dir=\"ltr\" style=\"text-align: justify;\">Al finalizar el encuentro, Patricio Arauco, del Comit\u00e9 de Vivienda Carlos Salinas Altamirano se\u00f1al\u00f3 que \u201cse agradece la sinceridad con que habl\u00f3 el Gobierno. Estamos acostumbrados a recibir promesas y ahora se nos habl\u00f3 cosas m\u00e1s concretas, cosas reales. Nosotros expusimos nuestra necesidad. En Los Vilos hay una nota que refleja la problem\u00e0tica. Y donde no hay vivienda, hay toma. Hace m\u00e1s de 17 a\u00f1os que no se construyen viviendas. Y por otto lado expusimos la necesidad imperante de que el Gobierno expropie terrenos debido a la usura y el excesivo precio que lls provados hoy est\u00e1n vendiendo los terrenos lo que genera que no se pueda expandir la ciudad<\/p>\n<p dir=\"ltr\" style=\"text-align: justify;\">Mismo sentir de la Presidenta del Comit\u00e9 Nuevo Amanecer, Lorena Orostegui, que afirm\u00f3 estar esperanzada de las gestiones y coordinaci\u00f3n. \u201cCon toda la fe que el pr\u00f3ximo a\u00f1o si vamos a tener vivienda y subsidios en la regi\u00f3n.<\/p>\n<p dir=\"ltr\" style=\"text-align: justify;\">Hoy d\u00eda qued\u00f3 claro que van a trabajar con nosotros, mano a mano con el Gobierno con todo el apoyo. Y eso se agradece. Estamos ilusionados con que vamos a tener pronto viviendas ac\u00e1 en Los Vilos que hace m\u00e1s de 12 a\u00f1os no se construye. Y han estado en un abandono\u201d, cerro la dirigenta.<\/p>\n<p dir=\"ltr\" style=\"text-align: justify;\">En tanto, el Delegado Quezada fue enf\u00e1tico en el car\u00e1cter de crisis que tiene el acceso a la vivienda y manifest\u00f3 que las soluciones tienen que encontrarse de manera intersectorial y coordinadamente. \u201cLa crisis habitacional nos obliga a planes de emergencia pero adem\u00e1s el Presidente nos mandata que esto sea de manera descentralizada. Y por eso estamos en Los Vilos, acompa\u00f1ando al alcalde con un amplio equipo, entre ellos el Seremi de Vivienda y con nuestra Delegada Presidencial Provincial porque sabemos que aqu\u00ed vamos a estar construyendo en el territorio, en todas las comunas, en las tres provincias para solucionar un problema que es nacional y aqu\u00ed en Los Vilos no podemos quedar indiferentes\u201d, se\u00f1al\u00f3 el Delegado.<\/p>\n<p dir=\"ltr\" style=\"text-align: justify;\">Para el Seremi de Vivienda y Urbanismo, Jos\u00e9 Manuel Peralta el compromiso con el Plan de Emergencia Habitacional es irrestricto y ratific\u00f3 que se construir\u00e1n\u00a0 viviendas sociales, en las distintas l\u00edneas que ofrece el Minvu, en los cuatro a\u00f1os de Gobierno.<\/p>\n<p dir=\"ltr\" style=\"text-align: justify;\">\u201cLa instrucci\u00f3n del Presidente Gabriel Boric y que le deleg\u00f3 al ministro Carlos Montes es que vamos a implementar el Plan de Emergencia Habitacional en todas las comunas de la regi\u00f3n de Coquimbo, por tanto nuestro compromiso es construir un banco de suelos. Si hay que comprar terrenos privado lo vamos a hacer, si es necesario expropiar lo vamos a hacer y vamos a trabajar coordinadamente con los municipios para que transformemos el anhelo de la casa propia en una realidad. As\u00ed que vamos a trabajar con el alcalde, el Delegado Presidencial que nos coordina a nivel regional de manera que el Plan de Emergencia llegue a Los Vilos. Y matemos el mito de no haber construido durante tantos a\u00f1os y lo hagamos en estos cuatro a\u00f1os construyamos soluciones habitacionales diversificadas\u201d, declar\u00f3 el Seremi.<\/p>\n<p dir=\"ltr\" style=\"text-align: justify;\">Mientras que el alcalde Christian Gross cree que los problemas de su comuna no son aislados y deben ir solucion\u00e1ndose en conjunto, ya que \u201ceste contexto de crisis ambiental y social, sin duda el problema habitacional es sumamente relevante. Nosotros tenemos una demanda cercana a los 2000, de las cuales 1500 son urbanos. 14 comit\u00e9s de vivienda legalmente constituidos. Y en este sentido es importante que este Plan de Emergencia tambi\u00e9n pueda ser descentralizado. Creemos en el compromiso de factibilizar algunos terrenos, de hecho estamos mirando los terrenos que est\u00e1n con promesa de compraventa, que por supuesto est\u00e1n dentro de los compromisos\u2026 puedan ser adquiridos por parte del Estado y el pr\u00f3ximo a\u00f1o ya veamos concretamente subsidios construidos ac\u00e1. La verdad es que la gente, nuestros vecinos y vecinas est\u00e1n desesperados con este problema habitacional. Por tanto creemos que es necesariamente un tema urgente que debe tener soluciones concretas, la pr\u00f3xima semana el Seremi ha conversado respeto de poder generar una carta Gantt con la situaci\u00f3n de cada comit\u00e9 y las v\u00edas de soluci\u00f3n para este gran problema\u201d<\/p>\n<p dir=\"ltr\" style=\"text-align: justify;\">Tras finalizar la extensa jornada de reuni\u00f3n, las autoridades visitaron terrenos que estar\u00edan en estudio para revisar los pasos a seguir y as\u00ed sumarse al Plan de Emergencia Habitacional.<\/p>\n<p style=\"text-align: justify;\">\n<p>&nbsp;<\/p>\n","protected":false},"excerpt":{"rendered":"<p>Delegado Presidencial, Seremi de Vivienda y Urbanismo, alcalde de Los Vilos y Concejo Municipal coordinaron l\u00ednea de trabajo para ir dando soluciones a comit\u00e9s de vivienda. Con una multitudinaria presencia de dirigentas y vecinos de los 14 comit\u00e9s de vivienda de Los Vilos, se realiz\u00f3 una reuni\u00f3n extraordinaria para tratar<\/p>\n","protected":false},"author":1,"featured_media":2257,"comment_status":"closed","ping_status":"open","sticky":false,"template":"","format":"standard","meta":{"footnotes":""},"categories":[21,1],"tags":[],"class_list":["post-2256","post","type-post","status-publish","format-standard","has-post-thumbnail","hentry","category-municipalidades","category-noticias-regionales"],"_links":{"self":[{"href":"https:\/\/minutaregional.cl\/index.php?rest_route=\/wp\/v2\/posts\/2256","targetHints":{"allow":["GET"]}}],"collection":[{"href":"https:\/\/minutaregional.cl\/index.php?rest_route=\/wp\/v2\/posts"}],"about":[{"href":"https:\/\/minutaregional.cl\/index.php?rest_route=\/wp\/v2\/types\/post"}],"author":[{"embeddable":true,"href":"https:\/\/minutaregional.cl\/index.php?rest_route=\/wp\/v2\/users\/1"}],"replies":[{"embeddable":true,"href":"https:\/\/minutaregional.cl\/index.php?rest_route=%2Fwp%2Fv2%2Fcomments&post=2256"}],"version-history":[{"count":1,"href":"https:\/\/minutaregional.cl\/index.php?rest_route=\/wp\/v2\/posts\/2256\/revisions"}],"predecessor-version":[{"id":2258,"href":"https:\/\/minutaregional.cl\/index.php?rest_route=\/wp\/v2\/posts\/2256\/revisions\/2258"}],"wp:featuredmedia":[{"embeddable":true,"href":"https:\/\/minutaregional.cl\/index.php?rest_route=\/wp\/v2\/media\/2257"}],"wp:attachment":[{"href":"https:\/\/minutaregional.cl\/index.php?rest_route=%2Fwp%2Fv2%2Fmedia&parent=2256"}],"wp:term":[{"taxonomy":"category","embeddable":true,"href":"https:\/\/minutaregional.cl\/index.php?rest_route=%2Fwp%2Fv2%2Fcategories&post=2256"},{"taxonomy":"post_tag","embeddable":true,"href":"https:\/\/minutaregional.cl\/index.php?rest_route=%2Fwp%2Fv2%2Ftags&post=2256"}],"curies":[{"name":"wp","href":"https:\/\/api.w.org\/{rel}","templated":true}]}}