{"id":2253,"date":"2022-10-11T21:49:31","date_gmt":"2022-10-11T21:49:31","guid":{"rendered":"https:\/\/minutaregional.cl\/?p=2253"},"modified":"2022-10-11T21:49:31","modified_gmt":"2022-10-11T21:49:31","slug":"proyecto-de-presupuestos-2023-del-ministerio-de-las-culturas-las-artes-y-el-patrimonio-aumenta-16","status":"publish","type":"post","link":"https:\/\/minutaregional.cl\/?p=2253","title":{"rendered":"Proyecto de Presupuestos 2023 del Ministerio de las Culturas, las Artes y el Patrimonio aumenta 16%"},"content":{"rendered":"<ul style=\"text-align: justify;\">\n<li style=\"text-align: justify;\"><strong><em>La propuesta para el pr\u00f3ximo a\u00f1o dota a esta cartera de $282.253 millones, lo que representa $38.719 millones adicionales respecto del presupuesto de 2022. \u201cEste crecimiento presupuestario reafirma el compromiso de este gobierno con la Cultura\u201d, destaca la ministra Julieta Brodsky.<\/em><\/strong><\/li>\n<li style=\"text-align: justify;\"><strong><em>Estos recursos est\u00e1n proyectados para avanzar en la implementaci\u00f3n del Programa de Gobierno en Cultura, la recuperaci\u00f3n de espacios p\u00fablicos, impulsar por segundo a\u00f1o consecutivo la reactivaci\u00f3n del sector cultural y fortalecer la inversi\u00f3n en infraestructura cultural.<\/em><\/strong><\/li>\n<\/ul>\n<p style=\"text-align: justify;\">Un aumento del 16 por ciento de crecimiento real, que significan en la pr\u00e1ctica $38.719 millones adicionales respecto al Presupuesto 2022, el mayor aumento en 8 a\u00f1os para el Ministerio de las Culturas, las Artes y el Patrimonio.<\/p>\n<p style=\"text-align: justify;\">Estos son algunos de los c\u00e1lculos que se desprenden de los $282.253 millones que la cartera recibir\u00eda para su gesti\u00f3n para el pr\u00f3ximo a\u00f1o, una vez que se apruebe en el Congreso el Proyecto de Presupuesto 2023.<\/p>\n<p style=\"text-align: justify;\">\u201cEste crecimiento presupuestario reafirma el compromiso de este gobierno con la Cultura, ya que para el 2023 se contempla un aumento de recursos de un 16% en relaci\u00f3n a este a\u00f1o, siendo el mayor aumento en los \u00faltimos 8 a\u00f1os para la cartera\u201d, dijo la ministra de las Culturas, las Artes y el Patrimonio, Julieta Brodsky Hern\u00e1ndez. \u201cEl presupuesto 2022 indicaba un 0,41% del total nacional y para 2023 crecemos a un 0,44%, lo que significa $38 mil millones m\u00e1s. Los recursos ser\u00e1n destinados principalmente a las pol\u00edticas p\u00fablicas culturales comprometidas en el programa de gobierno, con foco en puntos de cultura comunitarios, Fomento y desarrollo de ecosistemas creativos, Promoci\u00f3n y Fortalecimiento del trabajo cultural y Programa de sitios de memoria\u201d, agreg\u00f3 la Secretaria de Estado.<\/p>\n<p style=\"text-align: justify;\">El proyecto de ley de Presupuestos para el Sector P\u00fablico 2023, anunciado por el Presidente de la Rep\u00fablica Gabriel Boric, contempla recursos por un total de US$81.581 millones. Esto supone un aumento del gasto p\u00fablico de US$3.400 millones, un crecimiento de un 4,2% respecto al 2022. Dentro de los focos de la propuesta que se est\u00e1 presentando al Congreso Nacional est\u00e1n el est\u00edmulo a la actividad econ\u00f3mica y el empleo, la seguridad ciudadana y la protecci\u00f3n social.<\/p>\n<p style=\"text-align: justify;\">Respecto a los focos espec\u00edficos de la propuesta del Ministerio de las Culturas para el 2023, se contempla avanzar en la implementaci\u00f3n del programa de gobierno en cultura, la recuperaci\u00f3n de espacios p\u00fablicos, impulsar por segundo a\u00f1o consecutivo la reactivaci\u00f3n del sector cultural y fortalecer la inversi\u00f3n en infraestructura cultural. Adem\u00e1s, se proyecta continuar con la implementaci\u00f3n y descentralizaci\u00f3n de la institucionalidad cultural.<\/p>\n<p style=\"text-align: justify;\">En cuanto a las \u00e1reas del Ministerio de las Culturas que tienen los mayores aumentos en relaci\u00f3n al presupuesto 2022 se encuentra el Servicio Nacional del Patrimonio Cultural, que considera $111.581 millones, 24% m\u00e1s que el 2022; mientras que el segundo es la Subsecretar\u00eda de las Culturas y las Artes, con $167.993 millones que representan un 11% m\u00e1s que el a\u00f1o anterior. En tercer lugar est\u00e1 la Subsecretar\u00eda del Patrimonio Cultural, con $2.679 millones, y le siguen el Consejo de Monumentos Nacionales, con $7.792 millones Estas dos cifras representan un aumento del 9 y del 8 por ciento respectivamente, comparado con el presupuesto de 2022.<\/p>\n<p style=\"text-align: justify;\">La implementaci\u00f3n de Programa de Gobierno en Cultura contempla cuatro nuevos programas, los cuales tambi\u00e9n proyectan un presupuesto para su ejecuci\u00f3n. Estos son el Programa de Puntos de Cultura Comunitaria ($2.352 millones), el Programa de Fomento y Desarrollo de Ecosistemas Creativos ($1.440 millones), el Programa Trabajo Cultural Decente ($1.250 millones) y el Programa Sitios de Memoria ($1.008 millones).<\/p>\n<p style=\"text-align: justify;\">\n<p>&nbsp;<\/p>\n<p>&nbsp;<\/p>\n<p>&nbsp;<\/p>\n<p>&nbsp;<\/p>\n<p>&nbsp;<\/p>\n<p>&nbsp;<\/p>\n<p>&nbsp;<\/p>\n","protected":false},"excerpt":{"rendered":"<p>La propuesta para el pr\u00f3ximo a\u00f1o dota a esta cartera de $282.253 millones, lo que representa $38.719 millones adicionales respecto del presupuesto de 2022. \u201cEste crecimiento presupuestario reafirma el compromiso de este gobierno con la Cultura\u201d, destaca la ministra Julieta Brodsky. Estos recursos est\u00e1n proyectados para avanzar en la implementaci\u00f3n<\/p>\n","protected":false},"author":1,"featured_media":2254,"comment_status":"closed","ping_status":"open","sticky":false,"template":"","format":"standard","meta":{"footnotes":""},"categories":[16],"tags":[],"class_list":["post-2253","post","type-post","status-publish","format-standard","has-post-thumbnail","hentry","category-seremi-de-cultura"],"_links":{"self":[{"href":"https:\/\/minutaregional.cl\/index.php?rest_route=\/wp\/v2\/posts\/2253","targetHints":{"allow":["GET"]}}],"collection":[{"href":"https:\/\/minutaregional.cl\/index.php?rest_route=\/wp\/v2\/posts"}],"about":[{"href":"https:\/\/minutaregional.cl\/index.php?rest_route=\/wp\/v2\/types\/post"}],"author":[{"embeddable":true,"href":"https:\/\/minutaregional.cl\/index.php?rest_route=\/wp\/v2\/users\/1"}],"replies":[{"embeddable":true,"href":"https:\/\/minutaregional.cl\/index.php?rest_route=%2Fwp%2Fv2%2Fcomments&post=2253"}],"version-history":[{"count":1,"href":"https:\/\/minutaregional.cl\/index.php?rest_route=\/wp\/v2\/posts\/2253\/revisions"}],"predecessor-version":[{"id":2255,"href":"https:\/\/minutaregional.cl\/index.php?rest_route=\/wp\/v2\/posts\/2253\/revisions\/2255"}],"wp:featuredmedia":[{"embeddable":true,"href":"https:\/\/minutaregional.cl\/index.php?rest_route=\/wp\/v2\/media\/2254"}],"wp:attachment":[{"href":"https:\/\/minutaregional.cl\/index.php?rest_route=%2Fwp%2Fv2%2Fmedia&parent=2253"}],"wp:term":[{"taxonomy":"category","embeddable":true,"href":"https:\/\/minutaregional.cl\/index.php?rest_route=%2Fwp%2Fv2%2Fcategories&post=2253"},{"taxonomy":"post_tag","embeddable":true,"href":"https:\/\/minutaregional.cl\/index.php?rest_route=%2Fwp%2Fv2%2Ftags&post=2253"}],"curies":[{"name":"wp","href":"https:\/\/api.w.org\/{rel}","templated":true}]}}