{"id":2250,"date":"2022-10-11T21:35:45","date_gmt":"2022-10-11T21:35:45","guid":{"rendered":"https:\/\/minutaregional.cl\/?p=2250"},"modified":"2022-10-11T21:35:45","modified_gmt":"2022-10-11T21:35:45","slug":"xv-gala-cultural-en-liceo-bicentenario-domingo-ortiz-de-rozas","status":"publish","type":"post","link":"https:\/\/minutaregional.cl\/?p=2250","title":{"rendered":"XV GALA CULTURAL EN LICEO BICENTENARIO DOMINGO ORTIZ DE ROZAS"},"content":{"rendered":"<p>El Liceo Bicentenario Domingo Ortiz de Rozas, realiz\u00f3 la tradicional Gala Cultural despu\u00e9s de dos a\u00f1os de receso.<\/p>\n<p>La actividad cont\u00f3 con la presencia del alcalde de la comuna, Denis Cort\u00e9s Aguilera; la Directora del establecimiento, Yeni Vicencio; autoridades, p\u00fablico general y toda la comunidad educativa del Liceo Bicentenario de Excelencia Domingo Ortiz de Rozas.<\/p>\n<p>\u201cCelebrar la Vida\u201d fue el lema de la gala cultural, que se llev\u00f3 a cabo en dependencias del establecimiento educacional, donde la audiencia disfrut\u00f3 de un viaje por el folclore y sus diversas danzas latinoamericanas.<\/p>\n<p><strong>Visite, comparta y suscr\u00edbase al canal de noticias de YouTube y nuestro sitio web<\/strong><\/p>\n<p><strong>\u00a0<\/strong><a href=\"https:\/\/www.youtube.com\/channel\/UCKqVGapJI4lbTFpKPdsEiOg\"><strong>https:\/\/www.youtube.com\/channel\/UCKqVGapJI4lbTFpKPdsEiOg<\/strong><\/a><\/p>\n<p><strong>\u00a0<\/strong><a href=\"http:\/\/www.daemillapel.cl\"><strong>www.daemillapel.cl<\/strong><\/a><\/p>\n<p><strong>\u00a0<\/strong><\/p>\n<p><strong>\u00a0<\/strong><\/p>\n","protected":false},"excerpt":{"rendered":"<p>El Liceo Bicentenario Domingo Ortiz de Rozas, realiz\u00f3 la tradicional Gala Cultural despu\u00e9s de dos a\u00f1os de receso. La actividad cont\u00f3 con la presencia del alcalde de la comuna, Denis Cort\u00e9s Aguilera; la Directora del establecimiento, Yeni Vicencio; autoridades, p\u00fablico general y toda la comunidad educativa del Liceo Bicentenario de<\/p>\n","protected":false},"author":1,"featured_media":2251,"comment_status":"closed","ping_status":"open","sticky":false,"template":"","format":"standard","meta":{"footnotes":""},"categories":[22,1],"tags":[],"class_list":["post-2250","post","type-post","status-publish","format-standard","has-post-thumbnail","hentry","category-muni-illapel","category-noticias-regionales"],"_links":{"self":[{"href":"https:\/\/minutaregional.cl\/index.php?rest_route=\/wp\/v2\/posts\/2250","targetHints":{"allow":["GET"]}}],"collection":[{"href":"https:\/\/minutaregional.cl\/index.php?rest_route=\/wp\/v2\/posts"}],"about":[{"href":"https:\/\/minutaregional.cl\/index.php?rest_route=\/wp\/v2\/types\/post"}],"author":[{"embeddable":true,"href":"https:\/\/minutaregional.cl\/index.php?rest_route=\/wp\/v2\/users\/1"}],"replies":[{"embeddable":true,"href":"https:\/\/minutaregional.cl\/index.php?rest_route=%2Fwp%2Fv2%2Fcomments&post=2250"}],"version-history":[{"count":1,"href":"https:\/\/minutaregional.cl\/index.php?rest_route=\/wp\/v2\/posts\/2250\/revisions"}],"predecessor-version":[{"id":2252,"href":"https:\/\/minutaregional.cl\/index.php?rest_route=\/wp\/v2\/posts\/2250\/revisions\/2252"}],"wp:featuredmedia":[{"embeddable":true,"href":"https:\/\/minutaregional.cl\/index.php?rest_route=\/wp\/v2\/media\/2251"}],"wp:attachment":[{"href":"https:\/\/minutaregional.cl\/index.php?rest_route=%2Fwp%2Fv2%2Fmedia&parent=2250"}],"wp:term":[{"taxonomy":"category","embeddable":true,"href":"https:\/\/minutaregional.cl\/index.php?rest_route=%2Fwp%2Fv2%2Fcategories&post=2250"},{"taxonomy":"post_tag","embeddable":true,"href":"https:\/\/minutaregional.cl\/index.php?rest_route=%2Fwp%2Fv2%2Ftags&post=2250"}],"curies":[{"name":"wp","href":"https:\/\/api.w.org\/{rel}","templated":true}]}}