{"id":2246,"date":"2022-10-11T21:20:43","date_gmt":"2022-10-11T21:20:43","guid":{"rendered":"https:\/\/minutaregional.cl\/?p=2246"},"modified":"2022-10-11T21:20:43","modified_gmt":"2022-10-11T21:20:43","slug":"pdi-recupera-especies-robadas-de-taller-mecanico-en-coquimbo-cuando-intentaban-venderlas","status":"publish","type":"post","link":"https:\/\/minutaregional.cl\/?p=2246","title":{"rendered":"PDI RECUPERA ESPECIES ROBADAS DE TALLER MEC\u00c1NICO EN COQUIMBO CUANDO INTENTABAN VENDERLAS"},"content":{"rendered":"<p><strong><strong><em>D<\/em><\/strong><\/strong><strong><em>etectives de la Brigada de Investigaci\u00f3n Criminal Coquimbo recibieron la denuncia al fono emergencia 134 de la PDI, sobre el robo en lugar no habitado que ocurri\u00f3 en el sector Pan de Az\u00facar de Coquimbo.<\/em><\/strong><\/p>\n<p style=\"text-align: justify;\">Una serie de especies electr\u00f3nicas, necesarias para desarrollar el diagn\u00f3stico automotriz, fueron sustra\u00eddas en un taller mec\u00e1nico de Pan de Az\u00facar, seg\u00fan detalla la denuncia de la v\u00edctima que ingres\u00f3 al fono emergencia 134.<\/p>\n<p style=\"text-align: justify;\">Mediante el trabajo de an\u00e1lisis criminal e inteligencia policial, entre otras t\u00e9cnicas investigativas, los detectives lograron ubicar a tres sujetos que estar\u00edan involucrados en la reducci\u00f3n de un scanner, un programador de llaves y chips para autom\u00f3viles, adem\u00e1s de un osciloscopio.<\/p>\n<p style=\"text-align: justify;\"><strong>\u201cFue fundamental la informaci\u00f3n oportuna que entreg\u00f3 la v\u00edctima para poder ubicar las especies y detener, en flagrancia, a los imputados en la recepci\u00f3n de estos equipos, que est\u00e1n avaluados en m\u00e1s de 3 millones de pesos. Los detectives de esta unidad procedieron con la detenci\u00f3n de tres individuos que manten\u00edan en su poder las especies sustra\u00eddas a la v\u00edctima y que estaban comercializando entre talleres de la conurbaci\u00f3n\u201d,<\/strong> se\u00f1al\u00f3 el subprefecto Jos\u00e9 Ortega, jefe de la Brigada de Investigaci\u00f3n Criminal Coquimbo.<\/p>\n<p style=\"text-align: justify;\">Los antecedentes indican que dos imputados andaban ofreciendo los equipos por diversos talleres de La Serena y Coquimbo.\u00a0 Al desconocer las caracter\u00edsticas, el funcionamiento y el valor comercial, despertaron las sospechas entre los representantes del rubro automotriz. En una de estas dependencias, se logr\u00f3 concretar la venta de uno de estos equipos por lo que se procedi\u00f3 con su recuperaci\u00f3n y la detenci\u00f3n del presunto comprador.<\/p>\n<p style=\"text-align: justify;\">La informaci\u00f3n se deriv\u00f3 al Ministerio P\u00fablico que imput\u00f3 los cargos a los dos individuos en el Juzgado de Garant\u00eda de Coquimbo, como autores de la reducci\u00f3n de las especies, mientras que el comprador de uno de los equipos, qued\u00f3 apercibido. Tras la recuperaci\u00f3n de las especies, la fiscal\u00eda dispuso la devoluci\u00f3n de estas a la v\u00edctima.<\/p>\n<p style=\"text-align: justify;\">\n","protected":false},"excerpt":{"rendered":"<p>Detectives de la Brigada de Investigaci\u00f3n Criminal Coquimbo recibieron la denuncia al fono emergencia 134 de la PDI, sobre el robo en lugar no habitado que ocurri\u00f3 en el sector Pan de Az\u00facar de Coquimbo. Una serie de especies electr\u00f3nicas, necesarias para desarrollar el diagn\u00f3stico automotriz, fueron sustra\u00eddas en un<\/p>\n","protected":false},"author":1,"featured_media":2248,"comment_status":"closed","ping_status":"open","sticky":false,"template":"","format":"standard","meta":{"footnotes":""},"categories":[14],"tags":[],"class_list":["post-2246","post","type-post","status-publish","format-standard","has-post-thumbnail","hentry","category-pdi"],"_links":{"self":[{"href":"https:\/\/minutaregional.cl\/index.php?rest_route=\/wp\/v2\/posts\/2246","targetHints":{"allow":["GET"]}}],"collection":[{"href":"https:\/\/minutaregional.cl\/index.php?rest_route=\/wp\/v2\/posts"}],"about":[{"href":"https:\/\/minutaregional.cl\/index.php?rest_route=\/wp\/v2\/types\/post"}],"author":[{"embeddable":true,"href":"https:\/\/minutaregional.cl\/index.php?rest_route=\/wp\/v2\/users\/1"}],"replies":[{"embeddable":true,"href":"https:\/\/minutaregional.cl\/index.php?rest_route=%2Fwp%2Fv2%2Fcomments&post=2246"}],"version-history":[{"count":1,"href":"https:\/\/minutaregional.cl\/index.php?rest_route=\/wp\/v2\/posts\/2246\/revisions"}],"predecessor-version":[{"id":2249,"href":"https:\/\/minutaregional.cl\/index.php?rest_route=\/wp\/v2\/posts\/2246\/revisions\/2249"}],"wp:featuredmedia":[{"embeddable":true,"href":"https:\/\/minutaregional.cl\/index.php?rest_route=\/wp\/v2\/media\/2248"}],"wp:attachment":[{"href":"https:\/\/minutaregional.cl\/index.php?rest_route=%2Fwp%2Fv2%2Fmedia&parent=2246"}],"wp:term":[{"taxonomy":"category","embeddable":true,"href":"https:\/\/minutaregional.cl\/index.php?rest_route=%2Fwp%2Fv2%2Fcategories&post=2246"},{"taxonomy":"post_tag","embeddable":true,"href":"https:\/\/minutaregional.cl\/index.php?rest_route=%2Fwp%2Fv2%2Ftags&post=2246"}],"curies":[{"name":"wp","href":"https:\/\/api.w.org\/{rel}","templated":true}]}}