{"id":2240,"date":"2022-10-11T20:45:31","date_gmt":"2022-10-11T20:45:31","guid":{"rendered":"https:\/\/minutaregional.cl\/?p=2240"},"modified":"2022-10-11T21:03:44","modified_gmt":"2022-10-11T21:03:44","slug":"crisis-educativa-alcaldes-de-la-aremu-piden-presencia-del-ministro-de-educacion-en-la-region-de-aysen","status":"publish","type":"post","link":"https:\/\/minutaregional.cl\/?p=2240","title":{"rendered":"CRISIS EDUCATIVA: ALCALDES DE LA AREMU PIDEN PRESENCIA DEL MINISTRO DE EDUCACI\u00d3N EN LA REGI\u00d3N DE AYS\u00c9N"},"content":{"rendered":"<audio class=\"wp-audio-shortcode\" id=\"audio-2240-1\" preload=\"none\" style=\"width: 100%;\" controls=\"controls\"><source type=\"audio\/mpeg\" src=\"https:\/\/minutaregional.cl\/wp-content\/uploads\/2022\/10\/CUNA-ALCALDE-DE-COYHAIQUE-EDUCACION.mp3?_=1\" \/><a href=\"https:\/\/minutaregional.cl\/wp-content\/uploads\/2022\/10\/CUNA-ALCALDE-DE-COYHAIQUE-EDUCACION.mp3\">https:\/\/minutaregional.cl\/wp-content\/uploads\/2022\/10\/CUNA-ALCALDE-DE-COYHAIQUE-EDUCACION.mp3<\/a><\/audio>\n<p>AUDIO : CU\u00d1A ALCALDE DE COYHAIQUE (EDUCACI\u00d3N)<\/p>\n<ul>\n<li style=\"text-align: justify;\"><em>El llamado fue organizado por las autoridades comunales de Coyhaique, R\u00edo Ib\u00e1\u00f1ez, Cisnes y Cochrane. <\/em><\/li>\n<\/ul>\n<p style=\"text-align: justify;\">Ante el anuncio del Gobierno de prolongar en un a\u00f1o m\u00e1s el traspaso de los\u00a0 establecimientos municipales a los Servicios Locales de Educaci\u00f3n P\u00fablica (SLEP), la falta de recursos para pagos de sueldos y mantenci\u00f3n en establecimientos educativos, los alcaldes de las comunas de Coyhaique, R\u00edo Ib\u00e1\u00f1ez, Cisnes y Cochrane piden al Ministro de Educaci\u00f3n, hacerse presente en la regi\u00f3n de Ays\u00e9n, para dialogar de la realidad que vive el territorio y buscar soluciones que permitan sacar adelante las gestiones que hace la Direcci\u00f3n de Educaci\u00f3n Municipal en cada comuna, quienes hoy presentan un d\u00e9ficit en sus carteras, siendo subsanado por los Fondos Municipales.<\/p>\n<p style=\"text-align: justify;\">As\u00ed, lo dieron a conocer los ediles antes mencionados en una reuni\u00f3n sostenida con el Delegado Presidencial, Rodrigo Araya, equipo seremis de la regi\u00f3n y la Asociaci\u00f3n Regional de Municipalidades de Ays\u00e9n, llevada a cabo en el auditorio del MOP.<\/p>\n<p style=\"text-align: justify;\">\u201cNecesitamos tener el apoyo del Gobierno, del nivel central, se necesitan los recursos, se nos prometi\u00f3 una modificaci\u00f3n a la Ley para modificar el c\u00e1lculo de la subvenci\u00f3n, se prometi\u00f3 tambi\u00e9n el poder generar r\u00e1pidamente la inyecci\u00f3n de recursos por parte de los bonos incentivos del retiro, adem\u00e1s poder adelantar la subvenci\u00f3n, eso tambi\u00e9n ayuda a descomprimir y descongestionar el desequilibrio financiero que existe hoy en los municipios\u201d, se\u00f1al\u00f3 Carlos Gatica, alcalde de Coyhaique.<\/p>\n<p style=\"text-align: justify;\">\u201cHoy estamos preocupados porque las cosas que se han dicho no se han concretado, es con un problema econ\u00f3mico bastante importante en el DEM, arriesgando el pago de remuneraciones del mes de diciembre, de nuevo hacemos presente a los medios la preocupaci\u00f3n, la cual se ha venido informando desde marzo de este a\u00f1o, sin ninguna soluci\u00f3n para los profesores y sobre todo nuestros ni\u00f1os y ni\u00f1as de la regi\u00f3n\u201d, agreg\u00f3 Gatica.<\/p>\n<p style=\"text-align: justify;\">Seg\u00fan los antecedentes entregados por la m\u00e1xima autoridad, el Municipio de Coyhaique no tiene los fondos necesarios para mantener y responder a las complicaciones que viven en este momento los 20 establecimientos municipales.<\/p>\n<p style=\"text-align: justify;\">\u201cHoy en d\u00eda muchos municipios no tienen para pagar los sueldos de los \u00faltimos meses del a\u00f1o y eso nos perjudica a quienes creemos que la educaci\u00f3n municipal es una alternativa verdadera de calidad, por lo tanto, pedimos como alcaldes que el Ministro de Educaci\u00f3n venga a la regi\u00f3n,\u00a0 para que nos pueda dar certeza respecto del presupuesto del pr\u00f3ximo a\u00f1o y de c\u00f3mo tambi\u00e9n se va a incrementar a trav\u00e9s de las subvenciones especiales como, el FAEP y c\u00f3mo se van a hacer cargo de los compromisos que tiene el Gobierno en cuanto al cambio de sistema de financiamiento de la educaci\u00f3n p\u00fablica\u201d, expres\u00f3 Marcelo Santana, alcalde de R\u00edo Ib\u00e1\u00f1ez.<\/p>\n<p style=\"text-align: justify;\">En esa misma l\u00ednea, el edil de la comuna de Cochrane, Jorge Calder\u00f3n, mencion\u00f3 parte de los puntos que el Ministro de Educaci\u00f3n debe tener en cuenta si se hace presente en el territorio. \u201cPrimero en materia administrativa; el traspaso de la educaci\u00f3n municipal hacia el Servicio Local, segundo en materia de infraestructura; el financiamiento que se ha puesto a disposici\u00f3n para poder atender algunas necesidades urgentes en algunos establecimientos y tercero el financiamiento del a\u00f1o 2023 y lo que queda del presente a\u00f1o\u201d, explic\u00f3 Calder\u00f3n.<\/p>\n<p style=\"text-align: justify;\">Francisco Roncagliolo, alcalde de Cisnes, indic\u00f3 \u201cnecesitamos tener claridad de lo que significa el traspaso de la educaci\u00f3n al SLEP para la comunidad educativa, los efectos que va a tener y que obviamente se garantice un buen financiamiento, adem\u00e1s necesitamos tener una hoja de ruta clara, pensando en mejorar en infraestructura y en la parte operacional, esas son decisiones que lamentablemente no se toman en la regi\u00f3n de Ays\u00e9n, y por eso creo que es fundamental que podamos tener reuni\u00f3n con el Subsecretario y con el Ministro en la regi\u00f3n\u201d, dijo Roncagliolo.<\/p>\n<p style=\"text-align: justify;\">Por \u00faltimo, el alcalde de Coyhaique asegur\u00f3 que de no darse una respuesta del Gobierno, el municipio de Coyhaique seguir\u00e1 presionando, para que sea el Estado quien garantice la calidad de la educaci\u00f3n p\u00fablica y acabar con la deuda hist\u00f3rica que se mantienen con los profesores, directores y alumnos.<\/p>\n","protected":false},"excerpt":{"rendered":"<p>AUDIO : CU\u00d1A ALCALDE DE COYHAIQUE (EDUCACI\u00d3N) El llamado fue organizado por las autoridades comunales de Coyhaique, R\u00edo Ib\u00e1\u00f1ez, Cisnes y Cochrane. Ante el anuncio del Gobierno de prolongar en un a\u00f1o m\u00e1s el traspaso de los\u00a0 establecimientos municipales a los Servicios Locales de Educaci\u00f3n P\u00fablica (SLEP), la falta de<\/p>\n","protected":false},"author":1,"featured_media":2241,"comment_status":"closed","ping_status":"open","sticky":false,"template":"","format":"standard","meta":{"footnotes":""},"categories":[21,1],"tags":[],"class_list":["post-2240","post","type-post","status-publish","format-standard","has-post-thumbnail","hentry","category-municipalidades","category-noticias-regionales"],"_links":{"self":[{"href":"https:\/\/minutaregional.cl\/index.php?rest_route=\/wp\/v2\/posts\/2240","targetHints":{"allow":["GET"]}}],"collection":[{"href":"https:\/\/minutaregional.cl\/index.php?rest_route=\/wp\/v2\/posts"}],"about":[{"href":"https:\/\/minutaregional.cl\/index.php?rest_route=\/wp\/v2\/types\/post"}],"author":[{"embeddable":true,"href":"https:\/\/minutaregional.cl\/index.php?rest_route=\/wp\/v2\/users\/1"}],"replies":[{"embeddable":true,"href":"https:\/\/minutaregional.cl\/index.php?rest_route=%2Fwp%2Fv2%2Fcomments&post=2240"}],"version-history":[{"count":3,"href":"https:\/\/minutaregional.cl\/index.php?rest_route=\/wp\/v2\/posts\/2240\/revisions"}],"predecessor-version":[{"id":2245,"href":"https:\/\/minutaregional.cl\/index.php?rest_route=\/wp\/v2\/posts\/2240\/revisions\/2245"}],"wp:featuredmedia":[{"embeddable":true,"href":"https:\/\/minutaregional.cl\/index.php?rest_route=\/wp\/v2\/media\/2241"}],"wp:attachment":[{"href":"https:\/\/minutaregional.cl\/index.php?rest_route=%2Fwp%2Fv2%2Fmedia&parent=2240"}],"wp:term":[{"taxonomy":"category","embeddable":true,"href":"https:\/\/minutaregional.cl\/index.php?rest_route=%2Fwp%2Fv2%2Fcategories&post=2240"},{"taxonomy":"post_tag","embeddable":true,"href":"https:\/\/minutaregional.cl\/index.php?rest_route=%2Fwp%2Fv2%2Ftags&post=2240"}],"curies":[{"name":"wp","href":"https:\/\/api.w.org\/{rel}","templated":true}]}}