{"id":2232,"date":"2022-10-11T12:46:55","date_gmt":"2022-10-11T12:46:55","guid":{"rendered":"https:\/\/minutaregional.cl\/?p=2232"},"modified":"2022-10-11T12:49:35","modified_gmt":"2022-10-11T12:49:35","slug":"gobierno-entrega-apoyo-economico-a-mas-de-100-pymes-afectadas-por-el-estallido-social-y-la-pandemia-en-la-region","status":"publish","type":"post","link":"https:\/\/minutaregional.cl\/?p=2232","title":{"rendered":"Gobierno Entrega Apoyo Econ\u00f3mico a M\u00e1s de 100 Pymes Afectadas por el Estallido Social y la Pandemia en la Regi\u00f3n"},"content":{"rendered":"<ul>\n<li style=\"text-align: justify;\"><strong><em>Como parte del programa \u201cRecupera tu PYME\u201d de SERCOTEC, una herramienta que forma parte del Plan Chile Apoya, se les entreg\u00f3 recursos para que puedan generar capacitaciones, contratar personal o reparar infraestructura y as\u00ed ir retomando sus actividades. <\/em><\/strong><\/li>\n<\/ul>\n<p style=\"text-align: justify;\"><strong>\u00a0<\/strong>Una de las medidas anunciadas por el Presidente Gabriel Boric dentro del Plan de Recuperaci\u00f3n Inclusiva \u201cChile Apoya, es el aumento de cobertura de Corfo y SERCOTEC. Es en este contexto que se ha trabajado en diversos programas de apoyo a la reactivaci\u00f3n, apoyando a las MiPymes y cooperativas en todo el pa\u00eds.<\/p>\n<p style=\"text-align: justify;\">\u201cRecupera tu Pyme\u201d es uno de esos mecanismos, ejecutados por SERCOTEC, que entrega ayuda econ\u00f3mica a aquellos negocios que fueron afectados tras el estallido social y la pandemia.<\/p>\n<p style=\"text-align: justify;\">Ver\u00f3nica Carmona, de Cl\u00ednica Veterinaria Mundo Animal, reconoci\u00f3 que el 2019 fue un a\u00f1o complejo, pero que siempre se han preocupado por ayudarlos. <strong>\u201cAgradecemos estas ayudas. Porque si bien todo pas\u00f3 hace tiempo, nosotros ven\u00edamos con bajas ventas y esto que nos entrega SERCOTEC nos permite sustentar pagos pendientes\u201d<\/strong>, se\u00f1al\u00f3 la empresaria.<\/p>\n<p style=\"text-align: justify;\">Y es que ella, junto otros 111 emprendedores de La Serena, Vicu\u00f1a, Ovalle, Coquimbo, Salamanca e Illapel, fueron beneficiadas por este programa.<\/p>\n<p style=\"text-align: justify;\">Para el Delegado Presidencial, Rub\u00e9n Quezada, <strong>\u201cen el Plan Chile Apoya, implementado por el Gobierno del Presidente Gabriel Boric, estamos comprometidos con las peque\u00f1as y medianas empresas, estamos comprometidos con quienes lo han pasado muy mal, y por lo mismo esta es un ayuda que no solo se traduce en t\u00e9rminos econ\u00f3micos sino tambi\u00e9n en un acompa\u00f1amiento de SERCOTEC y las distintas instancias del Estado, para ser un socio estrat\u00e9gico de las distintas empresas que tienen que salir adelante\u201d<\/strong>.<\/p>\n<p style=\"text-align: justify;\">Este programa otorga un subsidio de $4.000.000 que les permitir\u00e1 adquirir, a trav\u00e9s de un Plan de Compras, asistencias t\u00e9cnicas y asesor\u00edas en gesti\u00f3n, capacitaciones, acciones de marketing, habilitaci\u00f3n de infraestructura, nuevas contrataciones, entre otros beneficios.<\/p>\n<p style=\"text-align: justify;\"><strong>\u201cEsta ayuda nos viene muy bien porque nos afect\u00f3 bastante, estuvimos en el foco de todo lo que se estaba gestando y a muchos de vecinos del centro de La Serena nos afect\u00f3\u201d<\/strong>, manifest\u00f3 Teresa Macaya, due\u00f1a de un minimarket y beneficiada por SERCOTEC.<\/p>\n<p style=\"text-align: justify;\">El foco de esta herramienta est\u00e1 puesto en aquellas empresas que hayan sido beneficiarias de los Programas Levantemos tu Pyme, Programa de Apoyo a la Reactivaci\u00f3n PAR Chile Recupera de Corfo, adem\u00e1s de Programas de Emergencia Productiva Zonas Cero y\/o del Programa Recuperemos tu Barrio de SERCOTEC.<\/p>\n<p style=\"text-align: justify;\">Pascal Lagunas, Director de SERCOTEC, destac\u00f3 que <strong>\u201cesto forma parte de un paquete de iniciativas en apoyo de los emprendedores y emprendedoras de la Regi\u00f3n de Coquimbo para que puedan recuperar su nivel econ\u00f3mico tambi\u00e9n para generar la reactivaci\u00f3n econ\u00f3mica que necesita el territorio y no tan s\u00f3lo en este \u00e1mbito, sino tambi\u00e9n en el \u00e1mbito del turismo y del comercio\u201d<\/strong>.<\/p>\n<p style=\"text-align: justify;\">En tanto, el Seremi de Econom\u00eda, Nicol\u00e1s Ledezma, agreg\u00f3 que <strong>\u201chan sido varias las muestras que, como Gobierno, hemos tenido para ayudar a las peque\u00f1as y medianas empresas mediante el plan Chile Apoya y el plan Invirtamos en Chile, entregando recursos directo a los emprendedores y emprendedoras porque tenemos el compromiso de seguir apoy\u00e1ndolas\u201d<\/strong>.<\/p>\n<p style=\"text-align: justify;\">\u00a0\u201cRecupera tu PYME\u201d dispuso de un presupuesto cercano a los $500 millones para ayudar a los emprendedores y emprendedoras de la Regi\u00f3n de Coquimbo.<\/p>\n","protected":false},"excerpt":{"rendered":"<p>Como parte del programa \u201cRecupera tu PYME\u201d de SERCOTEC, una herramienta que forma parte del Plan Chile Apoya, se les entreg\u00f3 recursos para que puedan generar capacitaciones, contratar personal o reparar infraestructura y as\u00ed ir retomando sus actividades. \u00a0Una de las medidas anunciadas por el Presidente Gabriel Boric dentro del<\/p>\n","protected":false},"author":1,"featured_media":2234,"comment_status":"closed","ping_status":"open","sticky":false,"template":"","format":"standard","meta":{"footnotes":""},"categories":[36,39],"tags":[],"class_list":["post-2232","post","type-post","status-publish","format-standard","has-post-thumbnail","hentry","category-dppcoquimbo","category-sercotec"],"_links":{"self":[{"href":"https:\/\/minutaregional.cl\/index.php?rest_route=\/wp\/v2\/posts\/2232","targetHints":{"allow":["GET"]}}],"collection":[{"href":"https:\/\/minutaregional.cl\/index.php?rest_route=\/wp\/v2\/posts"}],"about":[{"href":"https:\/\/minutaregional.cl\/index.php?rest_route=\/wp\/v2\/types\/post"}],"author":[{"embeddable":true,"href":"https:\/\/minutaregional.cl\/index.php?rest_route=\/wp\/v2\/users\/1"}],"replies":[{"embeddable":true,"href":"https:\/\/minutaregional.cl\/index.php?rest_route=%2Fwp%2Fv2%2Fcomments&post=2232"}],"version-history":[{"count":1,"href":"https:\/\/minutaregional.cl\/index.php?rest_route=\/wp\/v2\/posts\/2232\/revisions"}],"predecessor-version":[{"id":2233,"href":"https:\/\/minutaregional.cl\/index.php?rest_route=\/wp\/v2\/posts\/2232\/revisions\/2233"}],"wp:featuredmedia":[{"embeddable":true,"href":"https:\/\/minutaregional.cl\/index.php?rest_route=\/wp\/v2\/media\/2234"}],"wp:attachment":[{"href":"https:\/\/minutaregional.cl\/index.php?rest_route=%2Fwp%2Fv2%2Fmedia&parent=2232"}],"wp:term":[{"taxonomy":"category","embeddable":true,"href":"https:\/\/minutaregional.cl\/index.php?rest_route=%2Fwp%2Fv2%2Fcategories&post=2232"},{"taxonomy":"post_tag","embeddable":true,"href":"https:\/\/minutaregional.cl\/index.php?rest_route=%2Fwp%2Fv2%2Ftags&post=2232"}],"curies":[{"name":"wp","href":"https:\/\/api.w.org\/{rel}","templated":true}]}}