{"id":2229,"date":"2022-10-09T01:23:54","date_gmt":"2022-10-09T01:23:54","guid":{"rendered":"https:\/\/minutaregional.cl\/?p=2229"},"modified":"2022-10-09T01:23:54","modified_gmt":"2022-10-09T01:23:54","slug":"diputado-manouchehri-las-afp-llevan-40-anos-haciendole-un-portonazo-a-los-chilenos","status":"publish","type":"post","link":"https:\/\/minutaregional.cl\/?p=2229","title":{"rendered":"Diputado Manouchehri: \u201cLas AFP llevan 40 a\u00f1os haci\u00e9ndole un portonazo a los chilenos\u201d"},"content":{"rendered":"<ul>\n<li style=\"text-align: justify;\"><strong><em>El legislador PS y presidente de la Comisi\u00f3n de Econom\u00eda se\u00f1al\u00f3 que la pr\u00f3xima reforma de pensiones debe contemplar el acceso a los fondos previsionales, similar a lo dispuesto en los retiros del 10%, para situaciones especiales.<\/em><\/strong><\/li>\n<\/ul>\n<p style=\"text-align: justify;\">La C\u00e1mara de Diputadas y Diputados inici\u00f3 la discusi\u00f3n del proyecto que garantiza la propiedad de los ahorros previsionales de capitalizaci\u00f3n individual en manos de sus afiliados y su inexpropiabilidad. La iniciativa, enviada por el gobierno, gener\u00f3 diversas reacciones en el hemiciclo.<\/p>\n<p style=\"text-align: justify;\">En la instancia, el presidente de la Comisi\u00f3n de Econom\u00eda Daniel Manouchehri emplaz\u00f3 a las administradoras de fondos por no cumplir la promesa de disponer de pensiones cercanas a los \u00faltimos salarios de sus cotizantes. \u201cLas AFP llevan 40 a\u00f1os haci\u00e9ndole un portonazo a los chilenos. Cuando iniciaron las AFP, su creador, el hermano del ex presidente Pi\u00f1era, dijo: \u2018El a\u00f1o 2020 los chilenos jubilar\u00e1n con el 100% de su \u00faltimo sueldo\u2019. Hoy las AFP condenan a los chilenos a una vejez indigna\u201d, indic\u00f3.<\/p>\n<p style=\"text-align: justify;\">\u201cSon millones y millones de adultos mayores condenados a la pobreza. Gente que no puede jubilar porque el dinero no le alcanza ni siquiera para comer\u201d, agreg\u00f3 el legislador de la Regi\u00f3n de Coquimbo<\/p>\n<p style=\"text-align: justify;\">En los \u00faltimos d\u00edas, la Asociaci\u00f3n de AFP se refiri\u00f3 a las p\u00e9rdidas que presentaron los multifondos durante septiembre. \u201cNuestro pa\u00eds ha sufrido inestabilidad e incertidumbre que ha afectado a los agentes econ\u00f3micos locales. A pesar de esto, la historia de los multifondos muestra que los fondos de pensiones se recuperan a lo largo de las crisis\u201d, afirm\u00f3 la instituci\u00f3n.<\/p>\n<p style=\"text-align: justify;\">No obstante, el diputado Manouchehri destac\u00f3 el \u00edndice de ganancia que reportaron las administradoras en el \u00faltimo tiempo. \u201c230 mil millones de pesos fueron las ganancias de las AFP en el primer semestre de este a\u00f1o. Un 22% m\u00e1s que el \u00faltimo a\u00f1o en el mismo periodo.\u00a0Los \u00fanicos que han ganado con este sistema de AFP son las AFP, mientras los chilenos reciben migajas de pensiones\u201d, critic\u00f3.<\/p>\n<p style=\"text-align: justify;\">En esta l\u00ednea, el legislador socialista se\u00f1al\u00f3 que \u201clos fondos de pensiones deben ser de los trabajadores, no de las AFP. El retiro de los 10% permiti\u00f3 a millones de chilenos superar un momento de crisis. Tenemos que contemplar que en la pr\u00f3xima reforma de pensiones la gente pueda acceder a los fondos de pensiones para situaciones de emergencia, como por ejemplo para el pie de una casa, el financiamiento de estudios o el pago de una deuda\u201d, agreg\u00f3.<\/p>\n<p style=\"text-align: justify;\">El parlamentario, quien anunci\u00f3 su respaldo a la iniciativa del Ejecutivo, apunt\u00f3 a la necesidad de crear \u201cun sistema de pensiones justo\u201d ultimando a las actuales AFP. \u201cAc\u00e1 veremos realmente qui\u00e9nes son los verdaderos patriotas. Los que quieren pensiones justas para la gente de nuestra patria o los que quieren un negocio para el capital for\u00e1neo\u201d, concluy\u00f3.<\/p>\n<p>&nbsp;<\/p>\n","protected":false},"excerpt":{"rendered":"<p>El legislador PS y presidente de la Comisi\u00f3n de Econom\u00eda se\u00f1al\u00f3 que la pr\u00f3xima reforma de pensiones debe contemplar el acceso a los fondos previsionales, similar a lo dispuesto en los retiros del 10%, para situaciones especiales. La C\u00e1mara de Diputadas y Diputados inici\u00f3 la discusi\u00f3n del proyecto que garantiza<\/p>\n","protected":false},"author":1,"featured_media":1851,"comment_status":"closed","ping_status":"open","sticky":false,"template":"","format":"standard","meta":{"footnotes":""},"categories":[26],"tags":[],"class_list":["post-2229","post","type-post","status-publish","format-standard","has-post-thumbnail","hentry","category-camara-de-diputadas-y-diputados"],"_links":{"self":[{"href":"https:\/\/minutaregional.cl\/index.php?rest_route=\/wp\/v2\/posts\/2229","targetHints":{"allow":["GET"]}}],"collection":[{"href":"https:\/\/minutaregional.cl\/index.php?rest_route=\/wp\/v2\/posts"}],"about":[{"href":"https:\/\/minutaregional.cl\/index.php?rest_route=\/wp\/v2\/types\/post"}],"author":[{"embeddable":true,"href":"https:\/\/minutaregional.cl\/index.php?rest_route=\/wp\/v2\/users\/1"}],"replies":[{"embeddable":true,"href":"https:\/\/minutaregional.cl\/index.php?rest_route=%2Fwp%2Fv2%2Fcomments&post=2229"}],"version-history":[{"count":2,"href":"https:\/\/minutaregional.cl\/index.php?rest_route=\/wp\/v2\/posts\/2229\/revisions"}],"predecessor-version":[{"id":2231,"href":"https:\/\/minutaregional.cl\/index.php?rest_route=\/wp\/v2\/posts\/2229\/revisions\/2231"}],"wp:featuredmedia":[{"embeddable":true,"href":"https:\/\/minutaregional.cl\/index.php?rest_route=\/wp\/v2\/media\/1851"}],"wp:attachment":[{"href":"https:\/\/minutaregional.cl\/index.php?rest_route=%2Fwp%2Fv2%2Fmedia&parent=2229"}],"wp:term":[{"taxonomy":"category","embeddable":true,"href":"https:\/\/minutaregional.cl\/index.php?rest_route=%2Fwp%2Fv2%2Fcategories&post=2229"},{"taxonomy":"post_tag","embeddable":true,"href":"https:\/\/minutaregional.cl\/index.php?rest_route=%2Fwp%2Fv2%2Ftags&post=2229"}],"curies":[{"name":"wp","href":"https:\/\/api.w.org\/{rel}","templated":true}]}}