{"id":2221,"date":"2022-10-08T00:35:09","date_gmt":"2022-10-08T00:35:09","guid":{"rendered":"https:\/\/minutaregional.cl\/?p=2221"},"modified":"2022-10-08T00:41:09","modified_gmt":"2022-10-08T00:41:09","slug":"lanzan-programa-preventivo-sobre-el-uso-de-plaguicidas-en-monte-patria","status":"publish","type":"post","link":"https:\/\/minutaregional.cl\/?p=2221","title":{"rendered":"Lanzan Programa Preventivo Sobre el Uso de Plaguicidas en Monte Patria"},"content":{"rendered":"<audio class=\"wp-audio-shortcode\" id=\"audio-2221-1\" preload=\"none\" style=\"width: 100%;\" controls=\"controls\"><source type=\"audio\/mpeg\" src=\"https:\/\/minutaregional.cl\/wp-content\/uploads\/2022\/10\/Cuna-Seremi-de-Salud-10-mp3cut.net_.mp3?_=1\" \/><a href=\"https:\/\/minutaregional.cl\/wp-content\/uploads\/2022\/10\/Cuna-Seremi-de-Salud-10-mp3cut.net_.mp3\">https:\/\/minutaregional.cl\/wp-content\/uploads\/2022\/10\/Cuna-Seremi-de-Salud-10-mp3cut.net_.mp3<\/a><\/audio>\n<p>AUDIO : Seremi de Salud Paola Salas<\/p>\n<audio class=\"wp-audio-shortcode\" id=\"audio-2221-2\" preload=\"none\" style=\"width: 100%;\" controls=\"controls\"><source type=\"audio\/mpeg\" src=\"https:\/\/minutaregional.cl\/wp-content\/uploads\/2022\/10\/Cuna-Alcalde-Montepatria.mp3?_=2\" \/><a href=\"https:\/\/minutaregional.cl\/wp-content\/uploads\/2022\/10\/Cuna-Alcalde-Montepatria.mp3\">https:\/\/minutaregional.cl\/wp-content\/uploads\/2022\/10\/Cuna-Alcalde-Montepatria.mp3<\/a><\/audio>\n<p>AUDIO : Alcalde de Monte Patria, Cristian Herrera<\/p>\n<ul>\n<li style=\"text-align: justify;\"><strong><em>El 57% de los casos de intoxicaciones del 2021 corresponden a Limar\u00ed. <\/em><\/strong><\/li>\n<\/ul>\n<p style=\"text-align: justify;\">Evitar las intoxicaciones por plaguicidas es el principal objetivo de un nuevo programa de educaci\u00f3n sanitaria y fiscalizaci\u00f3n que realizar\u00e1 la Seremi de Salud en la comuna de Monte Patria.<\/p>\n<p style=\"text-align: justify;\">En el a\u00f1o 2021, en la regi\u00f3n de Coquimbo se confirmaron 22 casos de intoxicaciones agudas por plaguicidas, de los cuales, el 57% de ellos corresponden a la provincia de Limar\u00ed.<\/p>\n<p style=\"text-align: justify;\">El programa incorpora la capacitaci\u00f3n a los trabajadores agr\u00edcolas, la comunidad, al personal de salud, un plan de fiscalizaci\u00f3n con enfoque de riesgo en \u00e1reas sensibles de los predios agr\u00edcolas del sector. Adem\u00e1s, de mantener una mesa de trabajo con los principales l\u00edderes de la comuna.<\/p>\n<p style=\"text-align: justify;\">\u201cEste es un trabajo in\u00e9dito en la historia de la ruralidad nacional en el sentido que es un espacio que est\u00e1 enmarcado en la pol\u00edtica regional de desarrollo rural que nos permite involucrar al municipio, a la comunidad, a las empresas y los servicios claves para abordar la tem\u00e1tica de los plaguicidas\u201d se\u00f1al\u00f3 An\u00edbal Carmona, representante del Consejo Campesino comunal de Monte Patria.<\/p>\n<p style=\"text-align: justify;\">La Seremi de Salud Paola Salas detall\u00f3 que \u201cQuisimos trabajar de manera preventiva en la intoxicaci\u00f3n por plaguicidas. Lo que estamos haciendo en Monte Patria es un programa para prevenir las intoxicaciones, y por eso la Unidad de Salud Ocupacional estar\u00e1 a cargo de la fiscalizaci\u00f3n de los predios, donde en estas visitas pensamos hacer educaci\u00f3n a los empresarios y trabajadores, adem\u00e1s, de entregar directrices del cumplimiento de la legislaci\u00f3n\u201d.<\/p>\n<p style=\"text-align: justify;\">Finalmente, el alcalde de Monte Patria, Cristian Herrera, destac\u00f3 la iniciativa \u201cEs una instancia super valorable para la comuna, donde el 80% de sus ingresos viene de la actividad agr\u00edcola. Por lo tanto, creemos que vamos avanzar muy bien junto a los dirigentes campesinos, a las empresas y la Seremi de Salud que nos permita ir generando opciones concretas que eviten las intoxicaciones por plaguicidas\u201d. Sostuvo.<\/p>\n<p style=\"text-align: justify;\"><strong><u>Situaci\u00f3n Epidemiol\u00f3gica de las intoxicaciones por plaguicidas en la regi\u00f3n:<\/u><\/strong><\/p>\n<p style=\"text-align: justify;\">En el a\u00f1o 2021, en la regi\u00f3n de Coquimbo se confirmaron 22 casos de Intoxicaci\u00f3n Aguda por Plaguicidas.<\/p>\n<p style=\"text-align: justify;\">En tanto, en lo que va del a\u00f1o 2022, solo en el primer semestre se han registrado 39 intoxicaciones agudas por plaguicidas en 18 eventos, de los cuales 19 casos corresponden a la provincia del Limar\u00ed y 11 a la comuna de Monte Patria, con 2 brotes.<\/p>\n","protected":false},"excerpt":{"rendered":"<p>AUDIO : Seremi de Salud Paola Salas AUDIO : Alcalde de Monte Patria, Cristian Herrera El 57% de los casos de intoxicaciones del 2021 corresponden a Limar\u00ed. Evitar las intoxicaciones por plaguicidas es el principal objetivo de un nuevo programa de educaci\u00f3n sanitaria y fiscalizaci\u00f3n que realizar\u00e1 la Seremi de<\/p>\n","protected":false},"author":1,"featured_media":2222,"comment_status":"closed","ping_status":"open","sticky":false,"template":"","format":"standard","meta":{"footnotes":""},"categories":[51,21,1],"tags":[],"class_list":["post-2221","post","type-post","status-publish","format-standard","has-post-thumbnail","hentry","category-seremisalud_coquimbo","category-municipalidades","category-noticias-regionales"],"_links":{"self":[{"href":"https:\/\/minutaregional.cl\/index.php?rest_route=\/wp\/v2\/posts\/2221","targetHints":{"allow":["GET"]}}],"collection":[{"href":"https:\/\/minutaregional.cl\/index.php?rest_route=\/wp\/v2\/posts"}],"about":[{"href":"https:\/\/minutaregional.cl\/index.php?rest_route=\/wp\/v2\/types\/post"}],"author":[{"embeddable":true,"href":"https:\/\/minutaregional.cl\/index.php?rest_route=\/wp\/v2\/users\/1"}],"replies":[{"embeddable":true,"href":"https:\/\/minutaregional.cl\/index.php?rest_route=%2Fwp%2Fv2%2Fcomments&post=2221"}],"version-history":[{"count":3,"href":"https:\/\/minutaregional.cl\/index.php?rest_route=\/wp\/v2\/posts\/2221\/revisions"}],"predecessor-version":[{"id":2227,"href":"https:\/\/minutaregional.cl\/index.php?rest_route=\/wp\/v2\/posts\/2221\/revisions\/2227"}],"wp:featuredmedia":[{"embeddable":true,"href":"https:\/\/minutaregional.cl\/index.php?rest_route=\/wp\/v2\/media\/2222"}],"wp:attachment":[{"href":"https:\/\/minutaregional.cl\/index.php?rest_route=%2Fwp%2Fv2%2Fmedia&parent=2221"}],"wp:term":[{"taxonomy":"category","embeddable":true,"href":"https:\/\/minutaregional.cl\/index.php?rest_route=%2Fwp%2Fv2%2Fcategories&post=2221"},{"taxonomy":"post_tag","embeddable":true,"href":"https:\/\/minutaregional.cl\/index.php?rest_route=%2Fwp%2Fv2%2Ftags&post=2221"}],"curies":[{"name":"wp","href":"https:\/\/api.w.org\/{rel}","templated":true}]}}