{"id":2205,"date":"2022-10-07T22:16:09","date_gmt":"2022-10-07T22:16:09","guid":{"rendered":"https:\/\/minutaregional.cl\/?p=2205"},"modified":"2022-10-07T22:16:09","modified_gmt":"2022-10-07T22:16:09","slug":"arturo-barrios-realiza-homenaje-a-ejecutado-politico-en-corrida-open-waterman-coquimbo-2022","status":"publish","type":"post","link":"https:\/\/minutaregional.cl\/?p=2205","title":{"rendered":"ARTURO BARRIOS REALIZA HOMENAJE A EJECUTADO POL\u00cdTICO EN CORRIDA OPEN WATERMAN COQUIMBO 2022"},"content":{"rendered":"<p style=\"text-align: justify;\">En el marco del Open Waterman Coquimbo 2022, destaca la historia de Arturo Barrios, vicepresidente del Partido Socialista, quien en cada competencia a lo largo del pa\u00eds y en el extranjero ha competido vistiendo una camiseta que conmemora la figura de un Detenido Desaparecido como parte de la cruzada\u00a0 \u00a0 \u201cCada carrera un homenaje, camisetas por la memoria\u201d\u00a0.<\/p>\n<p>En esta versi\u00f3n deportiva que se realiza en la ciudad de Coquimbo, Arturo Barrios lucir\u00e1 en su camiseta el rostro de Daniel Acu\u00f1a, ejecutado pol\u00edtico de nuestra regi\u00f3n quien fue fundador del Partido Socialista el a\u00f1o 1933 y Secretario Regional durante la clandestinidad.<\/p>\n<p>Esta gesta que trasciende el deporte y lo dota de un sentido de memoria colectiva y reflexi\u00f3n sobre el propio acontecer de nuestro pa\u00eds. Son muchos los familiares, amigos y ciudadanos que no pueden dejar de emocionarse cuando se cruza la meta de manera tan simb\u00f3lica, convirti\u00e9ndose en un triunfo de la memoria que prevalece sobre el olvido. Esta campa\u00f1a se denomina \u201cCada carrera un homenaje, camisetas por la memoria\u201d y ha estado presente en las principales competencias nacionales e internacionales.<\/p>\n<p>Parte de la historia de este gran dirigente se puede encontrar en el libro \u201cEl Caso Acu\u00f1a. Violencia y Represi\u00f3n Pol\u00edtica en la Regi\u00f3n de Coquimbo 1973 &#8211; 1990. Apuntes Para una historia local\u201d, de Celso L\u00f3pez San Francisco, \u00d3scar Mar\u00edn San Mart\u00edn, Jaime Prea G\u00f3mez y Jorge Salamanca.<\/p>\n","protected":false},"excerpt":{"rendered":"<p>En el marco del Open Waterman Coquimbo 2022, destaca la historia de Arturo Barrios, vicepresidente del Partido Socialista, quien en cada competencia a lo largo del pa\u00eds y en el extranjero ha competido vistiendo una camiseta que conmemora la figura de un Detenido Desaparecido como parte de la cruzada\u00a0 \u00a0<\/p>\n","protected":false},"author":1,"featured_media":2206,"comment_status":"closed","ping_status":"open","sticky":false,"template":"","format":"standard","meta":{"footnotes":""},"categories":[1],"tags":[],"class_list":["post-2205","post","type-post","status-publish","format-standard","has-post-thumbnail","hentry","category-noticias-regionales"],"_links":{"self":[{"href":"https:\/\/minutaregional.cl\/index.php?rest_route=\/wp\/v2\/posts\/2205","targetHints":{"allow":["GET"]}}],"collection":[{"href":"https:\/\/minutaregional.cl\/index.php?rest_route=\/wp\/v2\/posts"}],"about":[{"href":"https:\/\/minutaregional.cl\/index.php?rest_route=\/wp\/v2\/types\/post"}],"author":[{"embeddable":true,"href":"https:\/\/minutaregional.cl\/index.php?rest_route=\/wp\/v2\/users\/1"}],"replies":[{"embeddable":true,"href":"https:\/\/minutaregional.cl\/index.php?rest_route=%2Fwp%2Fv2%2Fcomments&post=2205"}],"version-history":[{"count":1,"href":"https:\/\/minutaregional.cl\/index.php?rest_route=\/wp\/v2\/posts\/2205\/revisions"}],"predecessor-version":[{"id":2207,"href":"https:\/\/minutaregional.cl\/index.php?rest_route=\/wp\/v2\/posts\/2205\/revisions\/2207"}],"wp:featuredmedia":[{"embeddable":true,"href":"https:\/\/minutaregional.cl\/index.php?rest_route=\/wp\/v2\/media\/2206"}],"wp:attachment":[{"href":"https:\/\/minutaregional.cl\/index.php?rest_route=%2Fwp%2Fv2%2Fmedia&parent=2205"}],"wp:term":[{"taxonomy":"category","embeddable":true,"href":"https:\/\/minutaregional.cl\/index.php?rest_route=%2Fwp%2Fv2%2Fcategories&post=2205"},{"taxonomy":"post_tag","embeddable":true,"href":"https:\/\/minutaregional.cl\/index.php?rest_route=%2Fwp%2Fv2%2Ftags&post=2205"}],"curies":[{"name":"wp","href":"https:\/\/api.w.org\/{rel}","templated":true}]}}