{"id":2202,"date":"2022-10-07T22:05:40","date_gmt":"2022-10-07T22:05:40","guid":{"rendered":"https:\/\/minutaregional.cl\/?p=2202"},"modified":"2022-10-07T22:05:40","modified_gmt":"2022-10-07T22:05:40","slug":"cumbre-de-mujeres-e-innovacion-reunira-a-emprendedoras-de-chile-y-latinoamerica","status":"publish","type":"post","link":"https:\/\/minutaregional.cl\/?p=2202","title":{"rendered":"Cumbre de Mujeres e Innovaci\u00f3n Reunir\u00e1 a Emprendedoras de Chile y Latinoam\u00e9rica"},"content":{"rendered":"<p style=\"text-align: justify;\">La 4\u00ba Cumbre de Mujeres e Innovaci\u00f3n +Gabrielas se realizar\u00e1 los pr\u00f3ximos d\u00edas 12, 13 y 14 de octubre de manera presencial y on-line.<\/p>\n<p style=\"text-align: justify;\">Inspirar, fortalecer y conectar a mujeres emprendedoras son los objetivos principales de la 4\u00b0 Cumbre de Mujeres e Innovaci\u00f3n +Gabrielas, una iniciativa organizada de manera conjunta entre instituciones p\u00fablicas y privadas de la Regi\u00f3n Coquimbo, que contar\u00e1 con la participaci\u00f3n de expositores nacionales e internacionales.<\/p>\n<p style=\"text-align: justify;\">La actividad se realizar\u00e1 el 12, 13 y 14 de octubre de manera presencial y on-line. \u201cPretendemos reunir a m\u00e1s de 300 mujeres emprendedoras en torno a charlas magistrales, paneles de conversaci\u00f3n y actividades de networking para que puedan conocer y compartir experiencias, fortalecer sus negocios o proyectos y crear redes de contacto\u201d, se\u00f1al\u00f3 Karina Salas, gerente de La Br\u00fajula Cowork, quien adem\u00e1s enfatiz\u00f3 que \u201chemos realizado un gran esfuerzo para contar con expositores de gran nivel provenientes de Chile, M\u00e9xico y Silicon Valley, USA. Ser\u00e1 un gran evento con dos jornadas presenciales y una en modalidad totalmente remota en donde conectaremos a emprendedoras regionales con mujeres de distintas partes de Chile y Latinoam\u00e9rica\u201d.<\/p>\n<p style=\"text-align: justify;\">En este contexto, \u201cla cumbre de mujeres e innovaci\u00f3n nacida con el prop\u00f3sito de promover liderazgos femeninos y emprendimientos innovadores, que buscan robustecer las sinergias e intercambios de experiencias, para fomentar m\u00e1s Gabrielas como agentes de cambio en las econom\u00edas regionales, y cumplir con ello los desaf\u00edos en equidad de g\u00e9nero y enriquecer las visiones, capacidades e innovaciones nacidas con el prisma femenino\u201d, se\u00f1al\u00f3 el director regional de Corfo, Andr\u00e9s Zurita.<\/p>\n<p style=\"text-align: justify;\">Las inscripciones a +Gabrielas, la Cumbre de Mujeres e Innovaci\u00f3n ya est\u00e1n abiertas a trav\u00e9s de la p\u00e1gina <a href=\"http:\/\/www.mujerdinamica.cl\/gabrielas\">www.mujerdinamica.cl\/gabrielas<\/a> y son totalmente gratuitas. El evento ser\u00e1 transmitido por Youtube, para que aquellas personas que no puedan asistir presencialmente puedan verlo en vivo desde cualquier lugar.<\/p>\n<p>&nbsp;<\/p>\n<p>&nbsp;<\/p>\n<p>&nbsp;<\/p>\n<p>&nbsp;<\/p>\n<p>&nbsp;<\/p>\n<p>&nbsp;<\/p>\n","protected":false},"excerpt":{"rendered":"<p>La 4\u00ba Cumbre de Mujeres e Innovaci\u00f3n +Gabrielas se realizar\u00e1 los pr\u00f3ximos d\u00edas 12, 13 y 14 de octubre de manera presencial y on-line. Inspirar, fortalecer y conectar a mujeres emprendedoras son los objetivos principales de la 4\u00b0 Cumbre de Mujeres e Innovaci\u00f3n +Gabrielas, una iniciativa organizada de manera conjunta<\/p>\n","protected":false},"author":1,"featured_media":2203,"comment_status":"closed","ping_status":"open","sticky":false,"template":"","format":"standard","meta":{"footnotes":""},"categories":[20],"tags":[],"class_list":["post-2202","post","type-post","status-publish","format-standard","has-post-thumbnail","hentry","category-corfo"],"_links":{"self":[{"href":"https:\/\/minutaregional.cl\/index.php?rest_route=\/wp\/v2\/posts\/2202","targetHints":{"allow":["GET"]}}],"collection":[{"href":"https:\/\/minutaregional.cl\/index.php?rest_route=\/wp\/v2\/posts"}],"about":[{"href":"https:\/\/minutaregional.cl\/index.php?rest_route=\/wp\/v2\/types\/post"}],"author":[{"embeddable":true,"href":"https:\/\/minutaregional.cl\/index.php?rest_route=\/wp\/v2\/users\/1"}],"replies":[{"embeddable":true,"href":"https:\/\/minutaregional.cl\/index.php?rest_route=%2Fwp%2Fv2%2Fcomments&post=2202"}],"version-history":[{"count":1,"href":"https:\/\/minutaregional.cl\/index.php?rest_route=\/wp\/v2\/posts\/2202\/revisions"}],"predecessor-version":[{"id":2204,"href":"https:\/\/minutaregional.cl\/index.php?rest_route=\/wp\/v2\/posts\/2202\/revisions\/2204"}],"wp:featuredmedia":[{"embeddable":true,"href":"https:\/\/minutaregional.cl\/index.php?rest_route=\/wp\/v2\/media\/2203"}],"wp:attachment":[{"href":"https:\/\/minutaregional.cl\/index.php?rest_route=%2Fwp%2Fv2%2Fmedia&parent=2202"}],"wp:term":[{"taxonomy":"category","embeddable":true,"href":"https:\/\/minutaregional.cl\/index.php?rest_route=%2Fwp%2Fv2%2Fcategories&post=2202"},{"taxonomy":"post_tag","embeddable":true,"href":"https:\/\/minutaregional.cl\/index.php?rest_route=%2Fwp%2Fv2%2Ftags&post=2202"}],"curies":[{"name":"wp","href":"https:\/\/api.w.org\/{rel}","templated":true}]}}